{"id":162317,"date":"2014-08-27T12:06:53","date_gmt":"2014-08-27T12:06:53","guid":{"rendered":"http:\/\/diariodominicano.ddns.net\/?p=162317"},"modified":"2014-08-27T12:06:53","modified_gmt":"2014-08-27T12:06:53","slug":"presidente-del-prm-desmiente-se-prohibe-reeleccion-congresual","status":"publish","type":"post","link":"https:\/\/diariodominicano.com\/?p=162317","title":{"rendered":"Presidente del PRM desmiente se prohibe reelecci\u00f3n congresual"},"content":{"rendered":"<p><body><\/p>\n<p><img decoding=\"async\" src=\"img3\/andres 27.jpg\" \/>  <\/p>\n<p>Presidente del PRM desmiente se prohibe reelecci\u00f3n congresual<\/p>\n<\/p>\n<p>para guasabaraeditor Anular suscripci\u00f3n<\/p>\n<p>Publicado: Martes, 26 Agosto 2014 11:49<\/p>\n<p>Escrito por la Redacci\u00f3n<\/p>\n<p>El Presidente del Partido Revolucionario Mayoritario, Andr\u00e9s Bautista Garc\u00eda, aclara que no expres\u00f3 lo que se pretende atribuirle  en algunos medios de comunicaci\u00f3n sobre la reelecci\u00f3n.  <\/p>\n<p>Agreg\u00f3, \u00abno tiene sentido decir que el PRM, es opuesto a la reelecci\u00f3n de los congresistas, s\u00edndicos y regidores si la Constituci\u00f3n de la Rep\u00fablica no se opone a la misma\u00bb.<\/p>\n<p>Lo que s\u00ed si especifica el pol\u00edtico, de manera expresa, es para la reelecci\u00f3n presidencial.  \u00abRealmente no me explico de donde se pudo sacar la versi\u00f3n que se me atribuyen, yo fui senador por cuatro periodos y estoy claro que lo que no contempla la ley ni la constituci\u00f3n, no se pueda incluir en los estatutos del partido, concluy\u00f3.<\/p>\n<h6> 2014-08-27 12:06:53 <\/h6>\n<p><!--\n<link rel=\"stylesheet\" href=\"css\/bootstrap.min.css\">\n\n\n<ul class=\"pagination\">\n\t    \n\t\n\n<li >\n\t<a href='?page_no=14734'>Previous<\/a>\n\t<\/li>\n\n\n       \n    \n\n<li><a href='?page_no=1'>1<\/a><\/li>\n\n\n\n<li><a href='?page_no=2'>2<\/a><\/li>\n\n\n\n<li><a>...<\/a><\/li>\n\n\n\n<li><a href='?page_no=14733'>14733<\/a><\/li>\n\n\n\n<li><a href='?page_no=14734'>14734<\/a><\/li>\n\n\n\n<li class='active'><a>14735<\/a><\/li>\n\n\n\n<li><a href='?page_no=14736'>14736<\/a><\/li>\n\n\n\n<li><a href='?page_no=14737'>14737<\/a><\/li>\n\n\n\n<li><a>...<\/a><\/li>\n\n\n\n<li><a href='?page_no=36999'>36999<\/a><\/li>\n\n\n\n<li><a href='?page_no=37000'>37000<\/a><\/li>\n\n    \n\t\n\n<li >\n\t<a href='?page_no=14736'>Next<\/a>\n\t<\/li>\n\n\n    \n\n<li><a href='?page_no=37000'>Last &rsaquo;&rsaquo;<\/a><\/li>\n\n<\/ul>\n\n\n--><br \/>\n<\/body><\/p>\n","protected":false},"excerpt":{"rendered":"<p>Presidente del PRM desmiente se prohibe reelecci\u00f3n congresual para guasabaraeditor Anular suscripci\u00f3n Publicado: Martes, 26 Agosto 2014 11:49 Escrito por la Redacci\u00f3n El Presidente del Partido Revolucionario Mayoritario, Andr\u00e9s Bautista Garc\u00eda, aclara que no expres\u00f3 lo que se pretende atribuirle en algunos medios de comunicaci\u00f3n sobre la reelecci\u00f3n. Agreg\u00f3, \u00abno tiene sentido decir que el [&hellip;]<\/p>\n","protected":false},"author":3,"featured_media":0,"comment_status":"open","ping_status":"open","sticky":false,"template":"","format":"standard","meta":{"footnotes":""},"categories":[22],"tags":[],"class_list":["post-162317","post","type-post","status-publish","format-standard","hentry","category-politica"],"_links":{"self":[{"href":"https:\/\/diariodominicano.com\/index.php?rest_route=\/wp\/v2\/posts\/162317","targetHints":{"allow":["GET"]}}],"collection":[{"href":"https:\/\/diariodominicano.com\/index.php?rest_route=\/wp\/v2\/posts"}],"about":[{"href":"https:\/\/diariodominicano.com\/index.php?rest_route=\/wp\/v2\/types\/post"}],"author":[{"embeddable":true,"href":"https:\/\/diariodominicano.com\/index.php?rest_route=\/wp\/v2\/users\/3"}],"replies":[{"embeddable":true,"href":"https:\/\/diariodominicano.com\/index.php?rest_route=%2Fwp%2Fv2%2Fcomments&post=162317"}],"version-history":[{"count":0,"href":"https:\/\/diariodominicano.com\/index.php?rest_route=\/wp\/v2\/posts\/162317\/revisions"}],"wp:attachment":[{"href":"https:\/\/diariodominicano.com\/index.php?rest_route=%2Fwp%2Fv2%2Fmedia&parent=162317"}],"wp:term":[{"taxonomy":"category","embeddable":true,"href":"https:\/\/diariodominicano.com\/index.php?rest_route=%2Fwp%2Fv2%2Fcategories&post=162317"},{"taxonomy":"post_tag","embeddable":true,"href":"https:\/\/diariodominicano.com\/index.php?rest_route=%2Fwp%2Fv2%2Ftags&post=162317"}],"curies":[{"name":"wp","href":"https:\/\/api.w.org\/{rel}","templated":true}]}}