{"id":162316,"date":"2014-08-27T12:42:55","date_gmt":"2014-08-27T12:42:55","guid":{"rendered":"http:\/\/diariodominicano.ddns.net\/?p=162316"},"modified":"2014-08-27T12:42:55","modified_gmt":"2014-08-27T12:42:55","slug":"fernando-rosa-proclama-su-candidatura-a-sindico-es-indetenible","status":"publish","type":"post","link":"https:\/\/diariodominicano.com\/?p=162316","title":{"rendered":"Fernando Rosa proclama su candidatura a s\u00edndico es indetenible"},"content":{"rendered":"<p><body><\/p>\n<p><img decoding=\"async\" src=\"img3\/rosa 27.jpg\" \/><br \/><img decoding=\"async\" src=\"img3\/rosa 2.jpg\" \/>  <\/p>\n<p>Fernando Rosa proclama su candidatura a s\u00edndico es indetenible<\/p>\n<\/p>\n<\/p>\n<\/p>\n<p>El licenciado Fernando Rosa asegur\u00f3 que no hay dudas que con los actos que se est\u00e1n realizando en los distintos sectores del municipio de Santiago son unas muestras fehacientes de que ser\u00e1 el candidato alcald\u00eda por el Partido de la Liberaci\u00f3n Dominicana (PLD), al municipio de Santiago \u00abporque cuando la mayor\u00eda decide tomar un camino nadie puede con el pueblo\u00bb.<\/p>\n<\/p>\n<\/p>\n<p>El aspirante a la alcald\u00eda manifest\u00f3 que el pueblo de Santiago se ha dado cuenta que su propuesta es novedosa, que significa el cambio la seguridad y el crecimiento que Santiago necesita y su candidatura le da la confianza de cumplir con lo que se promete.<\/p>\n<\/p>\n<\/p>\n<p>\u00abDijo est\u00e1 en el mejor momento de su carrera pol\u00edtica, afirmando que en estos momentos todas las encuestas y sondeos realizados lo d\u00e1n como el gran favorito en las simpat\u00edas de los pelede\u00edstas y los habitantes del municipio Santiago, raz\u00f3n por la cual su candidatura es indetenible\u00bb Expreso Fernando Rosa.<\/p>\n<\/p>\n<\/p>\n<p>Signific\u00f3 que la fuerza que ha ido construyendo a lo externo del PLD ha convertido su proyecto municipal en una maquinaria formidable que no hay dudas que para el 2016, ser\u00e1 el pr\u00f3ximo Alcalde de la ciudad coraz\u00f3n.<\/p>\n<\/p>\n<\/p>\n<p>En sus palabras de Clausura del mano a mano realizado en el sector Los Salados, que duro m\u00e1s de 3 horas, el licenciado  Fernando Rosa reiter\u00f3 que ser\u00e1 el candidato no solo de los pelede\u00edstas, sino de los simpatizantes y ciudadanos Santiagueros que piden a voz, rescatar el municipio de Santiago para volver a sentir el orgullo de ser Santiaguero.<\/p>\n<\/p>\n<\/p>\n<p>Manifest\u00f3 cada d\u00eda est\u00e1 recibiendo el apoyo espont\u00e1neo del pueblo que ha ido conociendo su programa de gobierno municipal, que propone desarrollar a Santiago con la integraci\u00f3n de todos los sectores.<\/p>\n<\/p>\n<\/p>\n<p>Simpatizante en el sector Los Salados, manifestaron que la pre-candidatura del licenciado Fernando Rosa es un proyecto de transformaci\u00f3n para el municipio de Santiago, ya esta ciudad necesita de personas con capacidad gerencial que sepan trabajar a favor de los ciudadanos, que han sentido el abandono por m\u00e1s de 20 a\u00f1os careciendo de verdaderas autoridades municipales.  <\/p>\n<\/p>\n<\/p>\n<p>\u00abEl club de Los Salados ha sido abandonado por las actuales autoridades municipales y ha sido el Licenciado Femando Rosa quien siempre ha estado presente cuando le tocamos las puertas, lo demuestra hoy una vez m\u00e1s al hacer estas donaciones para la recreaci\u00f3n de los habitantes de Los Salados, como una demostraci\u00f3n de que se preocupa por nosotros siempre\u00bb expreso M\u00e1ximo Capellan presidente del Club quien con j\u00fabilo recibi\u00f3 la donaci\u00f3n.<\/p>\n<\/p>\n<\/p>\n<p>Durante el recorrido el fervor y entusiasmo fue tan contundente que varios simpatizantes del PRD, decidieron darle su apoyo para la alcald\u00eda de Santiago a Fernando Rosa, porque consideran que tiene todas las condiciones para ser el alcalde de pr\u00f3ximo de Santiago.<\/p>\n<h6> 2014-08-27 12:42:55 <\/h6>\n<p><!--\n<link rel=\"stylesheet\" href=\"css\/bootstrap.min.css\">\n\n\n<ul class=\"pagination\">\n\t    \n\t\n\n<li >\n\t<a href='?page_no=14733'>Previous<\/a>\n\t<\/li>\n\n\n       \n    \n\n<li><a href='?page_no=1'>1<\/a><\/li>\n\n\n\n<li><a href='?page_no=2'>2<\/a><\/li>\n\n\n\n<li><a>...<\/a><\/li>\n\n\n\n<li><a href='?page_no=14732'>14732<\/a><\/li>\n\n\n\n<li><a href='?page_no=14733'>14733<\/a><\/li>\n\n\n\n<li class='active'><a>14734<\/a><\/li>\n\n\n\n<li><a href='?page_no=14735'>14735<\/a><\/li>\n\n\n\n<li><a href='?page_no=14736'>14736<\/a><\/li>\n\n\n\n<li><a>...<\/a><\/li>\n\n\n\n<li><a href='?page_no=36999'>36999<\/a><\/li>\n\n\n\n<li><a href='?page_no=37000'>37000<\/a><\/li>\n\n    \n\t\n\n<li >\n\t<a href='?page_no=14735'>Next<\/a>\n\t<\/li>\n\n\n    \n\n<li><a href='?page_no=37000'>Last &rsaquo;&rsaquo;<\/a><\/li>\n\n<\/ul>\n\n\n--><br \/>\n<\/body><\/p>\n","protected":false},"excerpt":{"rendered":"<p>Fernando Rosa proclama su candidatura a s\u00edndico es indetenible El licenciado Fernando Rosa asegur\u00f3 que no hay dudas que con los actos que se est\u00e1n realizando en los distintos sectores del municipio de Santiago son unas muestras fehacientes de que ser\u00e1 el candidato alcald\u00eda por el Partido de la Liberaci\u00f3n Dominicana (PLD), al municipio de [&hellip;]<\/p>\n","protected":false},"author":3,"featured_media":0,"comment_status":"open","ping_status":"open","sticky":false,"template":"","format":"standard","meta":{"footnotes":""},"categories":[22],"tags":[],"class_list":["post-162316","post","type-post","status-publish","format-standard","hentry","category-politica"],"_links":{"self":[{"href":"https:\/\/diariodominicano.com\/index.php?rest_route=\/wp\/v2\/posts\/162316","targetHints":{"allow":["GET"]}}],"collection":[{"href":"https:\/\/diariodominicano.com\/index.php?rest_route=\/wp\/v2\/posts"}],"about":[{"href":"https:\/\/diariodominicano.com\/index.php?rest_route=\/wp\/v2\/types\/post"}],"author":[{"embeddable":true,"href":"https:\/\/diariodominicano.com\/index.php?rest_route=\/wp\/v2\/users\/3"}],"replies":[{"embeddable":true,"href":"https:\/\/diariodominicano.com\/index.php?rest_route=%2Fwp%2Fv2%2Fcomments&post=162316"}],"version-history":[{"count":0,"href":"https:\/\/diariodominicano.com\/index.php?rest_route=\/wp\/v2\/posts\/162316\/revisions"}],"wp:attachment":[{"href":"https:\/\/diariodominicano.com\/index.php?rest_route=%2Fwp%2Fv2%2Fmedia&parent=162316"}],"wp:term":[{"taxonomy":"category","embeddable":true,"href":"https:\/\/diariodominicano.com\/index.php?rest_route=%2Fwp%2Fv2%2Fcategories&post=162316"},{"taxonomy":"post_tag","embeddable":true,"href":"https:\/\/diariodominicano.com\/index.php?rest_route=%2Fwp%2Fv2%2Ftags&post=162316"}],"curies":[{"name":"wp","href":"https:\/\/api.w.org\/{rel}","templated":true}]}}