{"id":162314,"date":"2014-08-27T15:12:14","date_gmt":"2014-08-27T15:12:14","guid":{"rendered":"http:\/\/diariodominicano.ddns.net\/?p=162314"},"modified":"2014-08-27T15:12:14","modified_gmt":"2014-08-27T15:12:14","slug":"radhames-hay-que-aumentar-los-salarios-a-nivel-del-crecimiento-economico","status":"publish","type":"post","link":"https:\/\/diariodominicano.com\/?p=162314","title":{"rendered":"Radham\u00e9s: Hay que aumentar los salarios a nivel del crecimiento econ\u00f3mico &#13;"},"content":{"rendered":"<p><body><\/p>\n<p><img decoding=\"async\" src=\"img3\/segura 27.jpg\" \/>  <\/p>\n<p>Santo Domingo RD 27 agosto.- El ingeniero Radham\u00e9s Segura aspirante presidencial por el Partido de la Liberaci\u00f3n Dominicana, afirm\u00f3 que los niveles salariales de los trabajadores deben ser colocados a nivel del crecimiento econ\u00f3mico que experimenta el pa\u00eds, para que se sienta una activaci\u00f3n de la econom\u00eda.<\/p>\n<\/p>\n<p> Expres\u00f3 que el dinamismo econ\u00f3mico se manifiesta cuando el dinero llega a manos de la mayor\u00eda de la gente y esta va a las plazas comerciales a gastar en diferentes mercanc\u00edas.<\/p>\n<\/p>\n<p> Radham\u00e9s Segura fue entrevistado durante un recorrido Mano a Mano por diversas calles de Gualey en la Circunscripcion 3 del Distrito Nacional, donde sostuvo que el informe del Banco Central sobre el crecimiento y el nivel de la canasta familiar se  hace imperativo un aumento de salarios para todos los trabajadores y trabajadoras del pa\u00eds.<\/p>\n<\/p>\n<p> Reiter\u00f3 que desde el gobierno trabajar\u00e1 por un gran pacto social con los empresarios y trabajadores tendente a aumentar la capacidad de compras del pueblo dominicano mediante una mejor distribuci\u00f3n de la riqueza que produce el pa\u00eds.<\/p>\n<\/p>\n<p> \u00abMientras m\u00e1s capacidad tienen los ciudadanos de comprar bienes y servicios en la misma medida crecen los beneficios de las empresas que lo producen\u00bb indic\u00f3 Segura.<\/p>\n<\/p>\n<p> Expres\u00f3 que ning\u00fan pa\u00eds se desarrolla sin una alianza armoniosa entre empleadores y empleados, sirviendo el gobierno como facilitador mediante acciones que propicien ese entendimiento.<\/p>\n<\/p>\n<p> Destac\u00f3 que los sectores productivos del pa\u00eds han demostrado gran capacidad para producir riquezas, pero que el gran reto es lograr que esa bonanza se distribuya de manera equitativa, llegando a la mayor\u00eda de los dominicanos.<\/p>\n<\/p>\n<p> Dijo que desde el gobierno no descansar\u00e1 hasta lograr cerrar la brecha entre ricos y pobres, ya que todos los estudios realizados sobre el comportamiento de la econom\u00eda nacional indican que aunque se crece todos los a\u00f1os, los niveles de pobrezas no disminuyen en la misma proporci\u00f3n.<\/p>\n<\/p>\n<p> Signific\u00f3 que es necesario asumir como una pol\u00edtica de Estado  el auxiliar a los peque\u00f1os y medianos productores del pa\u00eds, por ser un buen camino para enfrentar la pobreza y la desigualdad.<\/p>\n<\/p>\n<p> Expres\u00f3 que se hace necesario convertir el pa\u00eds en un Estado exportador de diversos productos con la b\u00fasqueda de nuevos mercados que permitan mejorar la balanza comercial.<\/p>\n<\/p>\n<p> Recalc\u00f3  que el peso de la deuda desangra el presupuesto nacional y le impide al gobierno realizar obras de importancia como la carretera Cibao Sur y otras realizaciones importantes para el desarrollo del pa\u00eds.<\/p>\n<\/p>\n<p> Expres\u00f3 que a pesar del los esfuerzos de los gobiernos del PLD no se est\u00e1 siendo exitoso en el combate a la pobreza, por lo que se quiere de un modelo econ\u00f3mico m\u00e1s enfocado hacia la justicia social.<\/p>\n<\/p>\n<p> Sostuvo los programas sociales y la fuerte inversi\u00f3n en la educaci\u00f3n que ejecuta el gobierno de Danilo Medina ser\u00e1n continuados por \u00e9l y reforzados por planes y proyectos encaminados a enfrentar la pobreza mediante una mejor equidad en la distribuci\u00f3n de la riqueza.<\/p>\n<\/p>\n<p> Dijo que de llegar al poder gobernar\u00e1 con un gobierno donde prevalezca la justicia social como lo manda el Dios todo poderoso.<\/p>\n<\/p>\n<p> Afirm\u00f3 que ning\u00fan modelo econ\u00f3mico que no este destinado a enfrentar la pobreza sirve para nada, por que de lo contrario lo que hace es acentuar la desigualdad social de sus habitantes.<\/p>\n<\/p>\n<h6> 2014-08-27 15:12:14 <\/h6>\n<p><!--\n<link rel=\"stylesheet\" href=\"css\/bootstrap.min.css\">\n\n\n<ul class=\"pagination\">\n\t    \n\t\n\n<li >\n\t<a href='?page_no=14731'>Previous<\/a>\n\t<\/li>\n\n\n       \n    \n\n<li><a href='?page_no=1'>1<\/a><\/li>\n\n\n\n<li><a href='?page_no=2'>2<\/a><\/li>\n\n\n\n<li><a>...<\/a><\/li>\n\n\n\n<li><a href='?page_no=14730'>14730<\/a><\/li>\n\n\n\n<li><a href='?page_no=14731'>14731<\/a><\/li>\n\n\n\n<li class='active'><a>14732<\/a><\/li>\n\n\n\n<li><a href='?page_no=14733'>14733<\/a><\/li>\n\n\n\n<li><a href='?page_no=14734'>14734<\/a><\/li>\n\n\n\n<li><a>...<\/a><\/li>\n\n\n\n<li><a href='?page_no=36999'>36999<\/a><\/li>\n\n\n\n<li><a href='?page_no=37000'>37000<\/a><\/li>\n\n    \n\t\n\n<li >\n\t<a href='?page_no=14733'>Next<\/a>\n\t<\/li>\n\n\n    \n\n<li><a href='?page_no=37000'>Last &rsaquo;&rsaquo;<\/a><\/li>\n\n<\/ul>\n\n\n--><br \/>\n<\/body><\/p>\n","protected":false},"excerpt":{"rendered":"<p>Santo Domingo RD 27 agosto.- El ingeniero Radham\u00e9s Segura aspirante presidencial por el Partido de la Liberaci\u00f3n Dominicana, afirm\u00f3 que los niveles salariales de los trabajadores deben ser colocados a nivel del crecimiento econ\u00f3mico que experimenta el pa\u00eds, para que se sienta una activaci\u00f3n de la econom\u00eda. Expres\u00f3 que el dinamismo econ\u00f3mico se manifiesta cuando [&hellip;]<\/p>\n","protected":false},"author":3,"featured_media":0,"comment_status":"open","ping_status":"open","sticky":false,"template":"","format":"standard","meta":{"footnotes":""},"categories":[22],"tags":[],"class_list":["post-162314","post","type-post","status-publish","format-standard","hentry","category-politica"],"_links":{"self":[{"href":"https:\/\/diariodominicano.com\/index.php?rest_route=\/wp\/v2\/posts\/162314","targetHints":{"allow":["GET"]}}],"collection":[{"href":"https:\/\/diariodominicano.com\/index.php?rest_route=\/wp\/v2\/posts"}],"about":[{"href":"https:\/\/diariodominicano.com\/index.php?rest_route=\/wp\/v2\/types\/post"}],"author":[{"embeddable":true,"href":"https:\/\/diariodominicano.com\/index.php?rest_route=\/wp\/v2\/users\/3"}],"replies":[{"embeddable":true,"href":"https:\/\/diariodominicano.com\/index.php?rest_route=%2Fwp%2Fv2%2Fcomments&post=162314"}],"version-history":[{"count":0,"href":"https:\/\/diariodominicano.com\/index.php?rest_route=\/wp\/v2\/posts\/162314\/revisions"}],"wp:attachment":[{"href":"https:\/\/diariodominicano.com\/index.php?rest_route=%2Fwp%2Fv2%2Fmedia&parent=162314"}],"wp:term":[{"taxonomy":"category","embeddable":true,"href":"https:\/\/diariodominicano.com\/index.php?rest_route=%2Fwp%2Fv2%2Fcategories&post=162314"},{"taxonomy":"post_tag","embeddable":true,"href":"https:\/\/diariodominicano.com\/index.php?rest_route=%2Fwp%2Fv2%2Ftags&post=162314"}],"curies":[{"name":"wp","href":"https:\/\/api.w.org\/{rel}","templated":true}]}}