{"id":162312,"date":"2014-08-27T17:57:11","date_gmt":"2014-08-27T17:57:11","guid":{"rendered":"http:\/\/diariodominicano.ddns.net\/?p=162312"},"modified":"2014-08-27T17:57:11","modified_gmt":"2014-08-27T17:57:11","slug":"presidente-de-asodore-llama-a-los-regidores-a-encabezar-movimientos-sociales-y-comunitarios","status":"publish","type":"post","link":"https:\/\/diariodominicano.com\/?p=162312","title":{"rendered":"&#13;&#13;&#13;Presidente de ASODORE llama a los regidores a encabezar movimientos sociales y comunitarios"},"content":{"rendered":"<p><body><\/p>\n<p><img decoding=\"async\" src=\"img3\/ROA.JJPG.jpg\" \/><br \/><img decoding=\"async\" src=\"img3\/ROA2.jpg\" \/>  <\/p>\n<\/p>\n<p>Pedernales, RD, 27 de agosto.- El presidente de la Asociaci\u00f3n Dominicana de Regidores (ASODORE), Juli\u00e1n Roa,  propuso  a los  ayuntamientos de la Regi\u00f3n Sur del pa\u00eds encabezar los movimientos sociales y comunitarios orientados a promover el desarrollo de sus comunidades.<\/p>\n<\/p>\n<p>Tras participar en un curso de formaci\u00f3n impartido a los regidores  de la provincia de Pedernales, el abogado y profesor universitario dijo que  el liderazgo institucional de cada municipio y cada distrito municipal, debe mantener  una alianza permanente  con las organizaciones sociales para identificar los problemas locales y canalizar las soluciones posibles.<\/p>\n<\/p>\n<p>\u00abNo se trata de competir ni mucho menos suplantar a los dirigentes sociales y comunitarios que reclaman atenci\u00f3n a sus comunidades, sino unir voluntades para abordar  los problemas  comunes, definiendo lo que cada quien puede hacer de acuerdo a sus posibilidades\u00bb, apunt\u00f3 el tambi\u00e9n regidor del Distrito Nacional.<\/p>\n<\/p>\n<p>El licenciado Roa record\u00f3 que los regidores no solo tienen funciones de legislaci\u00f3n y control en el \u00e1mbito  municipal, sino tambi\u00e9n de representaci\u00f3n, lo que les asigna el deber y la  responsabilidad de actuar como voceros  de sus comunidades  ante la administraci\u00f3n municipal o ante cualquier otra instancia del Estado.<\/p>\n<\/p>\n<p>El presidente de ASODORE  encabez\u00f3 una jornada de capacitaci\u00f3n ofrecida a los regidores de los municipios de Pedernales y Oviedo sobre los principales aspectos relacionados con la gesti\u00f3n municipal, especialmente con el papel de los concejos de regidores. <\/p>\n<\/p>\n<p>Entre las autoridades locales participantes en el curso estuvieron la presidenta del Concejo de Regidores de Pedernales, Altagracia Miguelina Gil; la vicealcaldesa Isabel Matos; y presidente del Concejo de Regidores de Oviedo, Alfredo Cuevas, quienes resaltaron la importancia del programa de capacitaci\u00f3n que lleva a cabo ASODORE en todo el  pa\u00eds.  <\/p>\n<h6> 2014-08-27 17:57:11 <\/h6>\n<p><!--\n<link rel=\"stylesheet\" href=\"css\/bootstrap.min.css\">\n\n\n<ul class=\"pagination\">\n\t    \n\t\n\n<li >\n\t<a href='?page_no=14729'>Previous<\/a>\n\t<\/li>\n\n\n       \n    \n\n<li><a href='?page_no=1'>1<\/a><\/li>\n\n\n\n<li><a href='?page_no=2'>2<\/a><\/li>\n\n\n\n<li><a>...<\/a><\/li>\n\n\n\n<li><a href='?page_no=14728'>14728<\/a><\/li>\n\n\n\n<li><a href='?page_no=14729'>14729<\/a><\/li>\n\n\n\n<li class='active'><a>14730<\/a><\/li>\n\n\n\n<li><a href='?page_no=14731'>14731<\/a><\/li>\n\n\n\n<li><a href='?page_no=14732'>14732<\/a><\/li>\n\n\n\n<li><a>...<\/a><\/li>\n\n\n\n<li><a href='?page_no=36999'>36999<\/a><\/li>\n\n\n\n<li><a href='?page_no=37000'>37000<\/a><\/li>\n\n    \n\t\n\n<li >\n\t<a href='?page_no=14731'>Next<\/a>\n\t<\/li>\n\n\n    \n\n<li><a href='?page_no=37000'>Last &rsaquo;&rsaquo;<\/a><\/li>\n\n<\/ul>\n\n\n--><br \/>\n<\/body><\/p>\n","protected":false},"excerpt":{"rendered":"<p>Pedernales, RD, 27 de agosto.- El presidente de la Asociaci\u00f3n Dominicana de Regidores (ASODORE), Juli\u00e1n Roa, propuso a los ayuntamientos de la Regi\u00f3n Sur del pa\u00eds encabezar los movimientos sociales y comunitarios orientados a promover el desarrollo de sus comunidades. Tras participar en un curso de formaci\u00f3n impartido a los regidores de la provincia de [&hellip;]<\/p>\n","protected":false},"author":3,"featured_media":0,"comment_status":"open","ping_status":"open","sticky":false,"template":"","format":"standard","meta":{"footnotes":""},"categories":[22],"tags":[],"class_list":["post-162312","post","type-post","status-publish","format-standard","hentry","category-politica"],"_links":{"self":[{"href":"https:\/\/diariodominicano.com\/index.php?rest_route=\/wp\/v2\/posts\/162312","targetHints":{"allow":["GET"]}}],"collection":[{"href":"https:\/\/diariodominicano.com\/index.php?rest_route=\/wp\/v2\/posts"}],"about":[{"href":"https:\/\/diariodominicano.com\/index.php?rest_route=\/wp\/v2\/types\/post"}],"author":[{"embeddable":true,"href":"https:\/\/diariodominicano.com\/index.php?rest_route=\/wp\/v2\/users\/3"}],"replies":[{"embeddable":true,"href":"https:\/\/diariodominicano.com\/index.php?rest_route=%2Fwp%2Fv2%2Fcomments&post=162312"}],"version-history":[{"count":0,"href":"https:\/\/diariodominicano.com\/index.php?rest_route=\/wp\/v2\/posts\/162312\/revisions"}],"wp:attachment":[{"href":"https:\/\/diariodominicano.com\/index.php?rest_route=%2Fwp%2Fv2%2Fmedia&parent=162312"}],"wp:term":[{"taxonomy":"category","embeddable":true,"href":"https:\/\/diariodominicano.com\/index.php?rest_route=%2Fwp%2Fv2%2Fcategories&post=162312"},{"taxonomy":"post_tag","embeddable":true,"href":"https:\/\/diariodominicano.com\/index.php?rest_route=%2Fwp%2Fv2%2Ftags&post=162312"}],"curies":[{"name":"wp","href":"https:\/\/api.w.org\/{rel}","templated":true}]}}