{"id":162310,"date":"2014-08-27T18:16:32","date_gmt":"2014-08-27T18:16:32","guid":{"rendered":"http:\/\/diariodominicano.ddns.net\/?p=162310"},"modified":"2014-08-27T18:16:32","modified_gmt":"2014-08-27T18:16:32","slug":"bloque-diputados-del-pld-respalda-construccion-plantas-a-carbon","status":"publish","type":"post","link":"https:\/\/diariodominicano.com\/?p=162310","title":{"rendered":"&#13;&#13;Bloque Diputados del PLD respalda construcci\u00f3n Plantas a Carb\u00f3n"},"content":{"rendered":"<p><body><\/p>\n<p><img decoding=\"async\" src=\"img3\/diputados2.jpg\" \/>  <\/p>\n<\/p>\n<p><span class=\"text1noticias\">\u00abEste es un plan integral que el gobierno dominicano ejecuta desde la Corporaci\u00f3n Dominicana de Empresas El\u00e9ctricas Estatales (CDEEE), para la soluci\u00f3n del grave problema el\u00e9ctrico, que de manera hist\u00f3rica ha afectado al pueblo dominicano y de ninguna forma debemos permitir que seatente en contra de tan importante proyecto de Naci\u00f3n\u00bb. <\/span><\/p>\n<\/p>\n<p><span class=\"text1noticias\">Esta central que consta de dos unidades de aproximadamente 350 megavatios cada una y cuyo combustible a utilizar ser\u00e1 el carb\u00f3n mineral, contribuir\u00e1 a disminuir significativamente el d\u00e9ficit financiero del sector el\u00e9ctrico dominicano y por v\u00eda de consecuencia provocar\u00e1 que el subsidio que aporta el gobierno a la CDEEE se disminuya en m\u00e1s de un 20%, lo que significa alrededor de 250 millones de d\u00f3lares anuales en ahorro, adem\u00e1s brindar\u00e1 una mayor estabilidad y confiabilidad a la oferta energ\u00e9tica nacional.<\/span><\/p>\n<\/p>\n<p><span class=\"text1noticias\">Este bloque de diputados reafirma su compromiso de defender el inter\u00e9s nacional por encima del inter\u00e9s particular como forma de garantizar el bienestar y el sosiego de toda la familia dominicana como bien ha se\u00f1alado el Presidente de la Rep\u00fablica Licenciado  Danilo Medina en cada uno de sus planteamientos. <\/span><\/p>\n<\/p>\n<p><span class=\"text1noticias\">Estas declaraciones fueron ofrecidas en rueda de prensa por el Vocero del Bloque oficialista Rub\u00e9n Maldonado quien estuvo acompa\u00f1ado de la Diputada y Miembra del Comit\u00e9 Pol\u00edtico del PLD, Miriam Cabral, as\u00ed como de los diputados Henry Meran,Jos\u00e9 Luis Cosme, Levis Suriel, Hamlet Melo, Yaco Albeti, Juan Manuel Suazo, entre otros. <\/span><\/p>\n<h6> 2014-08-27 18:16:32 <\/h6>\n<p><!--\n<link rel=\"stylesheet\" href=\"css\/bootstrap.min.css\">\n\n\n<ul class=\"pagination\">\n\t    \n\t\n\n<li >\n\t<a href='?page_no=14728'>Previous<\/a>\n\t<\/li>\n\n\n       \n    \n\n<li><a href='?page_no=1'>1<\/a><\/li>\n\n\n\n<li><a href='?page_no=2'>2<\/a><\/li>\n\n\n\n<li><a>...<\/a><\/li>\n\n\n\n<li><a href='?page_no=14727'>14727<\/a><\/li>\n\n\n\n<li><a href='?page_no=14728'>14728<\/a><\/li>\n\n\n\n<li class='active'><a>14729<\/a><\/li>\n\n\n\n<li><a href='?page_no=14730'>14730<\/a><\/li>\n\n\n\n<li><a href='?page_no=14731'>14731<\/a><\/li>\n\n\n\n<li><a>...<\/a><\/li>\n\n\n\n<li><a href='?page_no=36999'>36999<\/a><\/li>\n\n\n\n<li><a href='?page_no=37000'>37000<\/a><\/li>\n\n    \n\t\n\n<li >\n\t<a href='?page_no=14730'>Next<\/a>\n\t<\/li>\n\n\n    \n\n<li><a href='?page_no=37000'>Last &rsaquo;&rsaquo;<\/a><\/li>\n\n<\/ul>\n\n\n--><br \/>\n<\/body><\/p>\n","protected":false},"excerpt":{"rendered":"<p>\u00abEste es un plan integral que el gobierno dominicano ejecuta desde la Corporaci\u00f3n Dominicana de Empresas El\u00e9ctricas Estatales (CDEEE), para la soluci\u00f3n del grave problema el\u00e9ctrico, que de manera hist\u00f3rica ha afectado al pueblo dominicano y de ninguna forma debemos permitir que seatente en contra de tan importante proyecto de Naci\u00f3n\u00bb. Esta central que consta [&hellip;]<\/p>\n","protected":false},"author":3,"featured_media":0,"comment_status":"open","ping_status":"open","sticky":false,"template":"","format":"standard","meta":{"footnotes":""},"categories":[22],"tags":[],"class_list":["post-162310","post","type-post","status-publish","format-standard","hentry","category-politica"],"_links":{"self":[{"href":"https:\/\/diariodominicano.com\/index.php?rest_route=\/wp\/v2\/posts\/162310","targetHints":{"allow":["GET"]}}],"collection":[{"href":"https:\/\/diariodominicano.com\/index.php?rest_route=\/wp\/v2\/posts"}],"about":[{"href":"https:\/\/diariodominicano.com\/index.php?rest_route=\/wp\/v2\/types\/post"}],"author":[{"embeddable":true,"href":"https:\/\/diariodominicano.com\/index.php?rest_route=\/wp\/v2\/users\/3"}],"replies":[{"embeddable":true,"href":"https:\/\/diariodominicano.com\/index.php?rest_route=%2Fwp%2Fv2%2Fcomments&post=162310"}],"version-history":[{"count":0,"href":"https:\/\/diariodominicano.com\/index.php?rest_route=\/wp\/v2\/posts\/162310\/revisions"}],"wp:attachment":[{"href":"https:\/\/diariodominicano.com\/index.php?rest_route=%2Fwp%2Fv2%2Fmedia&parent=162310"}],"wp:term":[{"taxonomy":"category","embeddable":true,"href":"https:\/\/diariodominicano.com\/index.php?rest_route=%2Fwp%2Fv2%2Fcategories&post=162310"},{"taxonomy":"post_tag","embeddable":true,"href":"https:\/\/diariodominicano.com\/index.php?rest_route=%2Fwp%2Fv2%2Ftags&post=162310"}],"curies":[{"name":"wp","href":"https:\/\/api.w.org\/{rel}","templated":true}]}}