{"id":162309,"date":"2014-08-27T18:27:09","date_gmt":"2014-08-27T18:27:09","guid":{"rendered":"http:\/\/diariodominicano.ddns.net\/?p=162309"},"modified":"2014-08-27T18:27:09","modified_gmt":"2014-08-27T18:27:09","slug":"delegacion-del-pld-participa-en-foro-de-partidos-politicos-que-se-celebra-en-bolivia","status":"publish","type":"post","link":"https:\/\/diariodominicano.com\/?p=162309","title":{"rendered":"&#13;&#13;Delegaci\u00f3n del PLD participa en foro de partidos pol\u00edticos que se celebra en Bolivia"},"content":{"rendered":"<p><body><\/p>\n<p><img decoding=\"async\" src=\"img3\/foro.jpg\" \/>  <\/p>\n<\/p>\n<p><span class=\"text1noticias\"> <\/span><\/p>\n<p><span class=\"text1noticias\">Santo Domingo, RD, 27 de agosto.- Rafael M\u00e9ndez y  Juan Compr\u00e9s, diputados del Partido de la Liberaci\u00f3n Dominicana y miembros de su Comit\u00e9 Central, representan esa organizaci\u00f3n pol\u00edtica en la reuni\u00f3n del Foro de Sao Paulo, que celebra su XX sesi\u00f3n en Bolivia.<\/span><\/p>\n<p><span class=\"text1noticias\"> <\/span><\/p>\n<p><span class=\"text1noticias\">Manolo Pichardo,  de la Secretar\u00eda de Relaciones Internacionales del PLD,  inform\u00f3 de la presencia de los legisladores y dirigentes peledeistas en este encuentro de partidos progresistas en el que se discuten importantes temas de actualidad para la vida en democracia y la consolidaci\u00f3n de los partidos pol\u00edticos<\/span><\/p>\n<p><span class=\"text1noticias\"> <\/span><\/p>\n<p><span class=\"text1noticias\">Las deliberaciones iniciaron el lunes pasado  analizando  los desaf\u00edos que enfrenta el proceso integracionista en la zona, la situaci\u00f3n actual de sus instrumentos e instituciones, as\u00ed como los retos de representatividad y de los movimientos sociales.<\/span><\/p>\n<p><span class=\"text1noticias\"> <\/span><\/p>\n<p><span class=\"text1noticias\">Se confirm\u00f3 que el  vicepresidente de Bolivia, \u00c1lvaro Garc\u00eda Linera, participar\u00e1 en la inauguraci\u00f3n  formal del Foro programado para este jueves 28, cuando tambi\u00e9n sesionar\u00e1 simult\u00e1neamente un encuentro de mujeres, de afrodescendientes y de parlamentarios.<\/span><\/p>\n<\/p>\n<p><span class=\"text1noticias\">El Foro de Sao Paulo, fundado en la ciudad brasile\u00f1a hom\u00f3nima en 1990, re\u00fane a partidos y agrupaciones de la izquierda latinoamericana y har\u00e1 en Bolivia \u00abun balance de los gobiernos progresistas y de izquierda y de la contraofensiva imperial\u00bb, seg\u00fan un comunicado de prensa.<\/span><\/p>\n<\/p>\n<p><span class=\"text1noticias\">Seg\u00fan informaci\u00f3n oficial, en ese encuentro internacional participan  representantes de al menos 180 partidos pol\u00edticos de izquierda de Latinoam\u00e9rica y el Caribe, adem\u00e1s de invitados de Europa y otros continentes.<\/span><\/p>\n<\/p>\n<p><span class=\"text1noticias\">El Foro de Sao Paulo concluir\u00e1 el viernes con una declaraci\u00f3n final que incluir\u00e1 la fijaci\u00f3n de posici\u00f3n sobre los temas discutidos en los  encuentros de mujeres, j\u00f3venes, afrodescendientes y congresistas de izquierda de la regi\u00f3n y en respaldo a posiciones asumidas por los pa\u00edses de la regi\u00f3n<\/span><\/p>\n<h6> 2014-08-27 18:27:09 <\/h6>\n<p><!--\n<link rel=\"stylesheet\" href=\"css\/bootstrap.min.css\">\n\n\n<ul class=\"pagination\">\n\t    \n\t\n\n<li >\n\t<a href='?page_no=14727'>Previous<\/a>\n\t<\/li>\n\n\n       \n    \n\n<li><a href='?page_no=1'>1<\/a><\/li>\n\n\n\n<li><a href='?page_no=2'>2<\/a><\/li>\n\n\n\n<li><a>...<\/a><\/li>\n\n\n\n<li><a href='?page_no=14726'>14726<\/a><\/li>\n\n\n\n<li><a href='?page_no=14727'>14727<\/a><\/li>\n\n\n\n<li class='active'><a>14728<\/a><\/li>\n\n\n\n<li><a href='?page_no=14729'>14729<\/a><\/li>\n\n\n\n<li><a href='?page_no=14730'>14730<\/a><\/li>\n\n\n\n<li><a>...<\/a><\/li>\n\n\n\n<li><a href='?page_no=36999'>36999<\/a><\/li>\n\n\n\n<li><a href='?page_no=37000'>37000<\/a><\/li>\n\n    \n\t\n\n<li >\n\t<a href='?page_no=14729'>Next<\/a>\n\t<\/li>\n\n\n    \n\n<li><a href='?page_no=37000'>Last &rsaquo;&rsaquo;<\/a><\/li>\n\n<\/ul>\n\n\n--><br \/>\n<\/body><\/p>\n","protected":false},"excerpt":{"rendered":"<p>Santo Domingo, RD, 27 de agosto.- Rafael M\u00e9ndez y Juan Compr\u00e9s, diputados del Partido de la Liberaci\u00f3n Dominicana y miembros de su Comit\u00e9 Central, representan esa organizaci\u00f3n pol\u00edtica en la reuni\u00f3n del Foro de Sao Paulo, que celebra su XX sesi\u00f3n en Bolivia. Manolo Pichardo, de la Secretar\u00eda de Relaciones Internacionales del PLD, inform\u00f3 de [&hellip;]<\/p>\n","protected":false},"author":3,"featured_media":0,"comment_status":"open","ping_status":"open","sticky":false,"template":"","format":"standard","meta":{"footnotes":""},"categories":[22],"tags":[],"class_list":["post-162309","post","type-post","status-publish","format-standard","hentry","category-politica"],"_links":{"self":[{"href":"https:\/\/diariodominicano.com\/index.php?rest_route=\/wp\/v2\/posts\/162309","targetHints":{"allow":["GET"]}}],"collection":[{"href":"https:\/\/diariodominicano.com\/index.php?rest_route=\/wp\/v2\/posts"}],"about":[{"href":"https:\/\/diariodominicano.com\/index.php?rest_route=\/wp\/v2\/types\/post"}],"author":[{"embeddable":true,"href":"https:\/\/diariodominicano.com\/index.php?rest_route=\/wp\/v2\/users\/3"}],"replies":[{"embeddable":true,"href":"https:\/\/diariodominicano.com\/index.php?rest_route=%2Fwp%2Fv2%2Fcomments&post=162309"}],"version-history":[{"count":0,"href":"https:\/\/diariodominicano.com\/index.php?rest_route=\/wp\/v2\/posts\/162309\/revisions"}],"wp:attachment":[{"href":"https:\/\/diariodominicano.com\/index.php?rest_route=%2Fwp%2Fv2%2Fmedia&parent=162309"}],"wp:term":[{"taxonomy":"category","embeddable":true,"href":"https:\/\/diariodominicano.com\/index.php?rest_route=%2Fwp%2Fv2%2Fcategories&post=162309"},{"taxonomy":"post_tag","embeddable":true,"href":"https:\/\/diariodominicano.com\/index.php?rest_route=%2Fwp%2Fv2%2Ftags&post=162309"}],"curies":[{"name":"wp","href":"https:\/\/api.w.org\/{rel}","templated":true}]}}