{"id":162307,"date":"2014-08-27T20:21:33","date_gmt":"2014-08-27T20:21:33","guid":{"rendered":"http:\/\/diariodominicano.ddns.net\/?p=162307"},"modified":"2014-08-27T20:21:33","modified_gmt":"2014-08-27T20:21:33","slug":"afirma-si-las-condiciones-no-estan-dadas-el-expresidente-lf-no-se-presentara-como-candidato-presidencial","status":"publish","type":"post","link":"https:\/\/diariodominicano.com\/?p=162307","title":{"rendered":"Afirma si las condiciones no est\u00e1n dadas el expresidente LF no se presentar\u00e1 como candidato presidencial\u00bb"},"content":{"rendered":"<p><body><\/p>\n<p><img decoding=\"async\" src=\"http:\/\/localhost:8080\/img3\/Tulio.jpg\" \/>  <\/p>\n<p><span class=\"text1noticias\">Santo Domingo, RD, 27 de Agosto.-El diputado del Partido de la Liberaci\u00f3n Dominicana (PLD),  Tulio Jim\u00e9nez asegur\u00f3 que si las condiciones para una candidatura presidencial no favorecen al expresidente Leonel Fern\u00e1ndez, este no se postular\u00e1 para dicha posici\u00f3n.<\/span><\/p>\n<\/p>\n<p><span class=\"text1noticias\">Jim\u00e9nez, dijo estar claro y preciso en que si los vientos no soplan a favor de Fern\u00e1ndez, el ex-presidente encabezar\u00eda la reelecci\u00f3n de Danilo Medina, creando las condiciones para que se pueda modificar la constituci\u00f3n una vez m\u00e1s.<\/span><\/p>\n<\/p>\n<p><span class=\"text1noticias\">Al ser entrevistado por el periodista Salvador Holgu\u00edn en el programa \u00abSin Cortapisa\u00bb por Teleradio Am\u00e9rica canal 45, el diputado expres\u00f3 que tanto Danilo Medina como  Leonel Fern\u00e1ndez no creen en el beneficio personal a trav\u00e9s de los partidos.<\/span><\/p>\n<\/p>\n<p><span class=\"text1noticias\">En este sentido, manifest\u00f3 que el Presidente Medina no act\u00faa por impulso y que m\u00e1s bien trabaja bajo n\u00fameros, y criterios de respeto a la constituci\u00f3n. En cuanto al ex-mandatario Fern\u00e1ndez, dijo que respetara el momento del Presidente Danilo si as\u00ed lo fuese.<\/span><\/p>\n<p><span class=\"text1noticias\"><strong>La reelecci\u00f3n de Danilo Medina<\/strong><\/span><\/p>\n<\/p>\n<p><span class=\"text1noticias\">Al referirse directamente al tema de la reelecci\u00f3n presidencial, Tulio Jim\u00e9nez indic\u00f3  que la misma solo ser\u00e1 posible si el pais sigue empoderado a favor de un segundo mandato.<\/span><\/p>\n<\/p>\n<p><span class=\"text1noticias\"> Asegur\u00f3 que el 90% de la poblaci\u00f3n aprueba la gesti\u00f3n del gobierno y que de ese porcentaje el 75% est\u00e1 favor de la reelecci\u00f3n.<\/span><\/p>\n<\/p>\n<p><strong><span class=\"text1noticias\">Pre-candidatura  a la alcald\u00eda de Haina <\/span><\/strong><\/p>\n<\/p>\n<p><span class=\"text1noticias\">El pre-candidato a la alcald\u00eda de Haina dijo trabajar en base a los n\u00fameros, al igual que el presidente Danilo Medina, y que a pesar que no se ha colocado una valla que promueva sus aspiraciones, ya existe un sentimiento a favor de \u00e9l en los mun\u00edcipes.<\/span><\/p>\n<\/p>\n<p><span class=\"text1noticias\">Tulio Jim\u00e9nez inform\u00f3 que posee un proyecto para trabajar en la sindicatura de Haina y que sabe muy bien que hay que hacer en ese municipio. Puntualiz\u00f3 que la poblaci\u00f3n espera su alcald\u00eda para ponerle un alto al desorden que impera en la actualidad.(HG)<\/span>.<\/p>\n<h6> 2014-08-27 20:21:33 <\/h6>\n<p><!--\n<link rel=\"stylesheet\" href=\"css\/bootstrap.min.css\">\n\n\n<ul class=\"pagination\">\n\t    \n\t\n\n<li >\n\t<a href='?page_no=14725'>Previous<\/a>\n\t<\/li>\n\n\n       \n    \n\n<li><a href='?page_no=1'>1<\/a><\/li>\n\n\n\n<li><a href='?page_no=2'>2<\/a><\/li>\n\n\n\n<li><a>...<\/a><\/li>\n\n\n\n<li><a href='?page_no=14724'>14724<\/a><\/li>\n\n\n\n<li><a href='?page_no=14725'>14725<\/a><\/li>\n\n\n\n<li class='active'><a>14726<\/a><\/li>\n\n\n\n<li><a href='?page_no=14727'>14727<\/a><\/li>\n\n\n\n<li><a href='?page_no=14728'>14728<\/a><\/li>\n\n\n\n<li><a>...<\/a><\/li>\n\n\n\n<li><a href='?page_no=36999'>36999<\/a><\/li>\n\n\n\n<li><a href='?page_no=37000'>37000<\/a><\/li>\n\n    \n\t\n\n<li >\n\t<a href='?page_no=14727'>Next<\/a>\n\t<\/li>\n\n\n    \n\n<li><a href='?page_no=37000'>Last &rsaquo;&rsaquo;<\/a><\/li>\n\n<\/ul>\n\n\n--><br \/>\n<\/body><\/p>\n","protected":false},"excerpt":{"rendered":"<p>Santo Domingo, RD, 27 de Agosto.-El diputado del Partido de la Liberaci\u00f3n Dominicana (PLD), Tulio Jim\u00e9nez asegur\u00f3 que si las condiciones para una candidatura presidencial no favorecen al expresidente Leonel Fern\u00e1ndez, este no se postular\u00e1 para dicha posici\u00f3n. Jim\u00e9nez, dijo estar claro y preciso en que si los vientos no soplan a favor de Fern\u00e1ndez, [&hellip;]<\/p>\n","protected":false},"author":3,"featured_media":0,"comment_status":"open","ping_status":"open","sticky":false,"template":"","format":"standard","meta":{"footnotes":""},"categories":[22],"tags":[],"class_list":["post-162307","post","type-post","status-publish","format-standard","hentry","category-politica"],"_links":{"self":[{"href":"https:\/\/diariodominicano.com\/index.php?rest_route=\/wp\/v2\/posts\/162307","targetHints":{"allow":["GET"]}}],"collection":[{"href":"https:\/\/diariodominicano.com\/index.php?rest_route=\/wp\/v2\/posts"}],"about":[{"href":"https:\/\/diariodominicano.com\/index.php?rest_route=\/wp\/v2\/types\/post"}],"author":[{"embeddable":true,"href":"https:\/\/diariodominicano.com\/index.php?rest_route=\/wp\/v2\/users\/3"}],"replies":[{"embeddable":true,"href":"https:\/\/diariodominicano.com\/index.php?rest_route=%2Fwp%2Fv2%2Fcomments&post=162307"}],"version-history":[{"count":0,"href":"https:\/\/diariodominicano.com\/index.php?rest_route=\/wp\/v2\/posts\/162307\/revisions"}],"wp:attachment":[{"href":"https:\/\/diariodominicano.com\/index.php?rest_route=%2Fwp%2Fv2%2Fmedia&parent=162307"}],"wp:term":[{"taxonomy":"category","embeddable":true,"href":"https:\/\/diariodominicano.com\/index.php?rest_route=%2Fwp%2Fv2%2Fcategories&post=162307"},{"taxonomy":"post_tag","embeddable":true,"href":"https:\/\/diariodominicano.com\/index.php?rest_route=%2Fwp%2Fv2%2Ftags&post=162307"}],"curies":[{"name":"wp","href":"https:\/\/api.w.org\/{rel}","templated":true}]}}