{"id":162306,"date":"2014-08-27T21:56:05","date_gmt":"2014-08-27T21:56:05","guid":{"rendered":"http:\/\/diariodominicano.ddns.net\/?p=162306"},"modified":"2014-08-27T21:56:05","modified_gmt":"2014-08-27T21:56:05","slug":"ismael-reyes-quien-dice-mentira-sobre-la-pobreza-el-gobierno-o-el-pnud","status":"publish","type":"post","link":"https:\/\/diariodominicano.com\/?p=162306","title":{"rendered":"Ismael Reyes: \u00bfQui\u00e9n dice mentira sobre la pobreza, el gobierno o el PNUD?"},"content":{"rendered":"<p><body><\/p>\n<p><img decoding=\"async\" src=\"http:\/\/localhost:8080\/img3\/Ismael.jpg\" \/>  <\/p>\n<p><span class=\"text1noticias\">Santo Domingo, RD, 27 de Agosto.-El presidente del Partido Dem\u00f3crata Institucional, PDI, Doctor Ismael Reyes llam\u00f3 la atenci\u00f3n sobre la contradicci\u00f3n existente entre lo que public\u00f3 este martes en el Salvador el Programa de las Naciones Unidas para el Desarrollo (PNUD) y las cifras oficiales que hablan de una supuesta reducci\u00f3n de la pobreza que la realidad cotidiana desmiente contundentemente.<\/span><\/p>\n<\/p>\n<p><span class=\"text1noticias\">El l\u00edder del PDI, Ismael Reyes dijo que las cifras ofrecidas por el PNUD son bien elocuentes y desnudan claramente las manipulaciones oficiales en su intento de distorsionar la realidad para acomodarla a la propaganda del gobierno sobre la disminuci\u00f3n de la marginalidad social.<\/span><\/p>\n<\/p>\n<p><span class=\"text1noticias\">Argumenta el presidente de los pedeistas, citando el informe elaborado por el organismo de la ONU, que lo que hemos visto es un desarrollo rampante de la pobreza y la desigualdad, ejemplificado en el dato de que en el caso de Rep\u00fablica Dominicana, la clase media disminuy\u00f3 cuatro puntos como resultado del aumento de la pobreza y la vulnerabilidad, seg\u00fan lo afirma el m\u00e1s reciente documento del PNUD.<\/span><\/p>\n<\/p>\n<p><span class=\"text1noticias\">\u00abTraducido en cifra, este dato significa que de una poblaci\u00f3n estimada en 10.2 millones de personas, 408,000 dominicanos pasaron desde la clase media a engrosar las filas de la pobreza. Si eso sucedi\u00f3 con la clase media que cuenta con m\u00e1s medios y preparaci\u00f3n para sortear las consecuencias de la crisis, imag\u00ednense lo que debi\u00f3 haber pasado con los m\u00e1s vulnerables, quienes ya eran pobres de solemnidad, esos pasaron a la pobreza extrema\u00bb, sostuvo el m\u00e1ximo l\u00edder del PDI.<\/span><\/p>\n<\/p>\n<p><span class=\"text1noticias\">Partiendo del contenido del mencionado informe y de todo lo que de \u00e9l se deduce, el doctor Reyes considera que el gobierno del presidente Danilo Medina le miente descaradamente al pueblo al contradecir a los organismos autorizados a nivel mundial sobre la materia.<\/span><\/p>\n<\/p>\n<p><span class=\"text1noticias\">Para Ismael Reyes, quienes tienen m\u00e1s razones para celebrar entre los pa\u00edses latinoamericanos, de acuerdo a este informe, son Chile, Argentina, Per\u00fa y  Bolivia, por ser los pa\u00edses que m\u00e1s redujeron la pobreza y la vulnerabilidad, con el consecuente aumento de la clase media.<\/span><\/p>\n<\/p>\n<p><span class=\"text1noticias\">El m\u00e1s alto dirigente del PDI dijo que mientras aquellas naciones  osecharon los resultados de la aplicaci\u00f3n de una pol\u00edtica correcta donde la inversi\u00f3n real y el gasto social se centraron en la gente, en nuestro pa\u00eds se dio el caso contrario: el \u00fanico crecimiento real que hubo fue el de los pobres, seg\u00fan lo presentan las cifras sin maquillar del PNUD que revelan pat\u00e9ticamente el fracaso de la pol\u00edtica econ\u00f3mica gubernamental ejecutada en estos dos a\u00f1os.<\/span><\/p>\n<\/p>\n<p><span class=\"text1noticias\">Afirma el Reyes que independientemente de estas informaciones del organismo mundial, la realidad que vive la mayor\u00eda<\/span><\/p>\n<p><span class=\"text1noticias\">pobre del pa\u00eds aun es m\u00e1s aterradora, pues la pobreza que sufren los dominicanos es estructural y multidimensional, por lo que se le hace m\u00e1s dif\u00edcil romper el c\u00edrculo de la pobreza.<\/span><\/p>\n<\/p>\n<p><span class=\"text1noticias\">El presidente del PDI afirm\u00f3 que las cifras que da el PNUD se explican en la quiebra del sector productivo fruto de la voracidad fiscal y sus medidas recesivas, las cuales mandan para su casa a muchos empleados que se ven obligado a ubicarse en el sector informal de la econom\u00eda para poder sobrevivir, donde no hay protecci\u00f3n social para ellos y su familia, lo que multiplica el ejercito de pobres y desamparados en el pa\u00eds. El m\u00e1ximo dirigente del PDI razona que es il\u00f3gico que  haya reducci\u00f3n de la pobreza en medio del desempleo reinante y la inflaci\u00f3n galopante que hacen inalcanzables en acceso a los bienes de consumo y<\/span><\/p>\n<p><span class=\"text1noticias\">a las medicinas.<\/span><\/p>\n<\/p>\n<p><span class=\"text1noticias\">\u00abCuando vemos que el 80% de los 575 mil 322 empleados que trabajan en la  Administraci\u00f3n P\u00fablica apenas llega a RD$5,117 mensuales, seg\u00fan revel\u00f3 la prensa de este mi\u00e9rcoles, entendemos mejor lo que nos dice el informe del PNUD, pues todos sabemos que la canasta familiar ronda los $30,000\u00bb, extern\u00f3 Ismael Reyes.<\/span><\/p>\n<\/p>\n<p><span class=\"text1noticias\">Ismael Reyes llamo a Danilo Medina a sincerarse y decirle la verdad al pueblo en vez de hacer que sus ministros manipulen cifras para presentarnos una falsa ilusi\u00f3n que ofende a la inteligencia.(HG)<\/span>.<\/p>\n<h6> 2014-08-27 21:56:05 <\/h6>\n<p><!--\n<link rel=\"stylesheet\" href=\"css\/bootstrap.min.css\">\n\n\n<ul class=\"pagination\">\n\t    \n\t\n\n<li >\n\t<a href='?page_no=14724'>Previous<\/a>\n\t<\/li>\n\n\n       \n    \n\n<li><a href='?page_no=1'>1<\/a><\/li>\n\n\n\n<li><a href='?page_no=2'>2<\/a><\/li>\n\n\n\n<li><a>...<\/a><\/li>\n\n\n\n<li><a href='?page_no=14723'>14723<\/a><\/li>\n\n\n\n<li><a href='?page_no=14724'>14724<\/a><\/li>\n\n\n\n<li class='active'><a>14725<\/a><\/li>\n\n\n\n<li><a href='?page_no=14726'>14726<\/a><\/li>\n\n\n\n<li><a href='?page_no=14727'>14727<\/a><\/li>\n\n\n\n<li><a>...<\/a><\/li>\n\n\n\n<li><a href='?page_no=36999'>36999<\/a><\/li>\n\n\n\n<li><a href='?page_no=37000'>37000<\/a><\/li>\n\n    \n\t\n\n<li >\n\t<a href='?page_no=14726'>Next<\/a>\n\t<\/li>\n\n\n    \n\n<li><a href='?page_no=37000'>Last &rsaquo;&rsaquo;<\/a><\/li>\n\n<\/ul>\n\n\n--><br \/>\n<\/body><\/p>\n","protected":false},"excerpt":{"rendered":"<p>Santo Domingo, RD, 27 de Agosto.-El presidente del Partido Dem\u00f3crata Institucional, PDI, Doctor Ismael Reyes llam\u00f3 la atenci\u00f3n sobre la contradicci\u00f3n existente entre lo que public\u00f3 este martes en el Salvador el Programa de las Naciones Unidas para el Desarrollo (PNUD) y las cifras oficiales que hablan de una supuesta reducci\u00f3n de la pobreza que [&hellip;]<\/p>\n","protected":false},"author":3,"featured_media":0,"comment_status":"open","ping_status":"open","sticky":false,"template":"","format":"standard","meta":{"footnotes":""},"categories":[22],"tags":[],"class_list":["post-162306","post","type-post","status-publish","format-standard","hentry","category-politica"],"_links":{"self":[{"href":"https:\/\/diariodominicano.com\/index.php?rest_route=\/wp\/v2\/posts\/162306","targetHints":{"allow":["GET"]}}],"collection":[{"href":"https:\/\/diariodominicano.com\/index.php?rest_route=\/wp\/v2\/posts"}],"about":[{"href":"https:\/\/diariodominicano.com\/index.php?rest_route=\/wp\/v2\/types\/post"}],"author":[{"embeddable":true,"href":"https:\/\/diariodominicano.com\/index.php?rest_route=\/wp\/v2\/users\/3"}],"replies":[{"embeddable":true,"href":"https:\/\/diariodominicano.com\/index.php?rest_route=%2Fwp%2Fv2%2Fcomments&post=162306"}],"version-history":[{"count":0,"href":"https:\/\/diariodominicano.com\/index.php?rest_route=\/wp\/v2\/posts\/162306\/revisions"}],"wp:attachment":[{"href":"https:\/\/diariodominicano.com\/index.php?rest_route=%2Fwp%2Fv2%2Fmedia&parent=162306"}],"wp:term":[{"taxonomy":"category","embeddable":true,"href":"https:\/\/diariodominicano.com\/index.php?rest_route=%2Fwp%2Fv2%2Fcategories&post=162306"},{"taxonomy":"post_tag","embeddable":true,"href":"https:\/\/diariodominicano.com\/index.php?rest_route=%2Fwp%2Fv2%2Ftags&post=162306"}],"curies":[{"name":"wp","href":"https:\/\/api.w.org\/{rel}","templated":true}]}}