{"id":162305,"date":"2014-08-28T10:56:37","date_gmt":"2014-08-28T10:56:37","guid":{"rendered":"http:\/\/diariodominicano.ddns.net\/?p=162305"},"modified":"2014-08-28T10:56:37","modified_gmt":"2014-08-28T10:56:37","slug":"ex-rector-franklin-garcia-fermin-proclama-respaldo-al-proyecto-presidencial-de-luis-abinader","status":"publish","type":"post","link":"https:\/\/diariodominicano.com\/?p=162305","title":{"rendered":"Ex rector Franklin Garc\u00eda Ferm\u00edn proclama respaldo al Proyecto presidencial de Luis Abinader"},"content":{"rendered":"<p><body><\/p>\n<p><img decoding=\"async\" src=\"img3\/garcia.jpg\" \/>  <\/p>\n<p><span class=\"text1noticias\">Santo Domingo, R D., 28 de agosto.- El ex rector de la Universidad Aut\u00f3noma de Santo Domingo, doctor Franklin Garc\u00eda Ferm\u00edn declin\u00f3 sus aspiraciones a la presidencia de la Rep\u00fablica en el 2016 y proclam\u00f3 su respaldo al economista Luis Abinader para que encabece la boleta presidencial del Partido Revolucionario Mayoritario, (PRM) y de la Convergencia por un Mejor Pa\u00eds.<\/span><\/p>\n<p><span class=\"text1noticias\"> <\/span><\/p>\n<p><span class=\"text1noticias\">Mediante un acuerdo suscrito y anunciado en rueda de prensa, los dos ex dirigentes del Partido Revolucionario Dominicano reconocen que \u00ablas encuestas conocidas en el \u00faltimo a\u00f1o demuestran que Luis Abinader encabeza con amplio margen las simpat\u00edas electorales y la valoraci\u00f3n popular en el PRM y en la oposici\u00f3n en general, siendo el aspirante mejor posicionado para competir con cualquiera de los candidatos que presente el oficialismo.<\/span><\/p>\n<p><span class=\"text1noticias\"> <\/span><\/p>\n<p><span class=\"text1noticias\">En el documento suscrito, los dirigentes acuerdan \u00abdedicar todas nuestras energ\u00edas a la tarea primaria de desalojar del gobierno a los responsables de la cat\u00e1strofe econ\u00f3mica, pol\u00edtica y social a que ha sido sometido el pueblo dominicano por la insaciable sed de poder del Partido de la Liberaci\u00f3n Dominicana\u00bb.<\/span><\/p>\n<p><span class=\"text1noticias\"> <\/span><\/p>\n<p><span class=\"text1noticias\">Igualmente convienen en inscribir sus esfuerzos en el Partido Revolucionario Mayoritario  \u00abpor entender que re\u00fane en su seno los m\u00e1s sanos dirigentes y porque preserva intacta la memoria y el sue\u00f1o de nuestro m\u00e1s grande l\u00edder de todos los tiempos, el doctor Jos\u00e9 Francisco Pe\u00f1a G\u00f3mez\u00bb.<\/span><\/p>\n<p><span class=\"text1noticias\"> <\/span><\/p>\n<p><span class=\"text1noticias\">\u00abA partir de su firma de este convenio de adhesi\u00f3n, asumimos la responsabilidad de sumar el concurso de nuestros modestos esfuerzos en procura de crear y fortalecer una gran Convergencia de Partidos con el prop\u00f3sito com\u00fan de derrotar el continuismo y frenar el atrso y la miseria a que nos han sometido en esta \u00abera del PLD\u00bb, indica otro apartado el documento de Garc\u00eda Ferm\u00edn y Luis Abinader.<\/span><\/p>\n<p><span class=\"text1noticias\"> <\/span><\/p>\n<p><span class=\"text1noticias\">Asimismo se comprometen a desplegar todos esfuerzos posibles para asegurar que los candidatos del PRM a cargos congresuales y municipales resulten victoriosos en las elecciones del 2016.<\/span><\/p>\n<p><span class=\"text1noticias\"> <\/span><\/p>\n<p><span class=\"text1noticias\">El documento concluye con una proclama de compromiso: \u00abno desmayar ni un instante, ni una hora, ni un minuto, ni un segundo hasta conseguir que el pr\u00f3ximo 16 de agosto del a\u00f1o 2016 sea juramentado como presidente de la rep\u00fablica por el PRM y la Convergencia, el compa\u00f1ero Luis Abinader\u00bb.<\/span><\/p>\n<p><span class=\"text1noticias\"> <\/span><\/p>\n<p><span class=\"text1noticias\">El doctor Garc\u00eda Ferm\u00edn dijo que este es el tiempo de Luis Abinader, mientras que este \u00faltimo sostuvo que acoge con humildad y sentido de responsabilidad el respaldo del catedr\u00e1tico y reconocido jurista del pa\u00eds.<\/span><\/p>\n<p><span class=\"text1noticias\"> <\/span><\/p>\n<p><span class=\"text1noticias\">\u00abComo destacado acad\u00e9mico, como importante dirigente pol\u00edtico y luchador por la democracia y por los mejores intereses de la Naci\u00f3n Dominicana, el doctor Garc\u00eda Ferm\u00edn es una personalidad que enaltece el ejercicio pol\u00edtico en la Rep\u00fablica Dominicana\u00bb, expres\u00f3 A<\/span>binader.<\/p>\n<h6> 2014-08-28 10:56:37 <\/h6>\n<p><!--\n<link rel=\"stylesheet\" href=\"css\/bootstrap.min.css\">\n\n\n<ul class=\"pagination\">\n\t    \n\t\n\n<li >\n\t<a href='?page_no=14723'>Previous<\/a>\n\t<\/li>\n\n\n       \n    \n\n<li><a href='?page_no=1'>1<\/a><\/li>\n\n\n\n<li><a href='?page_no=2'>2<\/a><\/li>\n\n\n\n<li><a>...<\/a><\/li>\n\n\n\n<li><a href='?page_no=14722'>14722<\/a><\/li>\n\n\n\n<li><a href='?page_no=14723'>14723<\/a><\/li>\n\n\n\n<li class='active'><a>14724<\/a><\/li>\n\n\n\n<li><a href='?page_no=14725'>14725<\/a><\/li>\n\n\n\n<li><a href='?page_no=14726'>14726<\/a><\/li>\n\n\n\n<li><a>...<\/a><\/li>\n\n\n\n<li><a href='?page_no=36999'>36999<\/a><\/li>\n\n\n\n<li><a href='?page_no=37000'>37000<\/a><\/li>\n\n    \n\t\n\n<li >\n\t<a href='?page_no=14725'>Next<\/a>\n\t<\/li>\n\n\n    \n\n<li><a href='?page_no=37000'>Last &rsaquo;&rsaquo;<\/a><\/li>\n\n<\/ul>\n\n\n--><br \/>\n<\/body><\/p>\n","protected":false},"excerpt":{"rendered":"<p>Santo Domingo, R D., 28 de agosto.- El ex rector de la Universidad Aut\u00f3noma de Santo Domingo, doctor Franklin Garc\u00eda Ferm\u00edn declin\u00f3 sus aspiraciones a la presidencia de la Rep\u00fablica en el 2016 y proclam\u00f3 su respaldo al economista Luis Abinader para que encabece la boleta presidencial del Partido Revolucionario Mayoritario, (PRM) y de la [&hellip;]<\/p>\n","protected":false},"author":3,"featured_media":0,"comment_status":"open","ping_status":"open","sticky":false,"template":"","format":"standard","meta":{"footnotes":""},"categories":[22],"tags":[],"class_list":["post-162305","post","type-post","status-publish","format-standard","hentry","category-politica"],"_links":{"self":[{"href":"https:\/\/diariodominicano.com\/index.php?rest_route=\/wp\/v2\/posts\/162305","targetHints":{"allow":["GET"]}}],"collection":[{"href":"https:\/\/diariodominicano.com\/index.php?rest_route=\/wp\/v2\/posts"}],"about":[{"href":"https:\/\/diariodominicano.com\/index.php?rest_route=\/wp\/v2\/types\/post"}],"author":[{"embeddable":true,"href":"https:\/\/diariodominicano.com\/index.php?rest_route=\/wp\/v2\/users\/3"}],"replies":[{"embeddable":true,"href":"https:\/\/diariodominicano.com\/index.php?rest_route=%2Fwp%2Fv2%2Fcomments&post=162305"}],"version-history":[{"count":0,"href":"https:\/\/diariodominicano.com\/index.php?rest_route=\/wp\/v2\/posts\/162305\/revisions"}],"wp:attachment":[{"href":"https:\/\/diariodominicano.com\/index.php?rest_route=%2Fwp%2Fv2%2Fmedia&parent=162305"}],"wp:term":[{"taxonomy":"category","embeddable":true,"href":"https:\/\/diariodominicano.com\/index.php?rest_route=%2Fwp%2Fv2%2Fcategories&post=162305"},{"taxonomy":"post_tag","embeddable":true,"href":"https:\/\/diariodominicano.com\/index.php?rest_route=%2Fwp%2Fv2%2Ftags&post=162305"}],"curies":[{"name":"wp","href":"https:\/\/api.w.org\/{rel}","templated":true}]}}