{"id":162304,"date":"2014-08-28T11:21:41","date_gmt":"2014-08-28T11:21:41","guid":{"rendered":"http:\/\/diariodominicano.ddns.net\/?p=162304"},"modified":"2014-08-28T11:21:41","modified_gmt":"2014-08-28T11:21:41","slug":"pina-toribio-lo-de-mayoritario-esta-sujeto-a-la-consagracion-en-las-urnas","status":"publish","type":"post","link":"https:\/\/diariodominicano.com\/?p=162304","title":{"rendered":"&#13;Pina Toribio: Lo de mayoritario est\u00e1 sujeto a la consagraci\u00f3n en las urnas"},"content":{"rendered":"<p><body><\/p>\n<p><img decoding=\"async\" src=\"img3\/ORP_2043.JPG\" \/>  <\/p>\n<p>Santo Domingo, R. D., 28 de agosto.- El Partido de la Liberaci\u00f3n Dominicana  (PLD) objeta que se use el adjetivo de mayoritario para llamar a la Alianza Social Dominicana, agrupaci\u00f3n que est\u00e1 solicitando a la Junta Central Electoral un cambio de nombre y de simbolog\u00eda.<\/p>\n<\/p>\n<p>En la audiencia celebrada este mi\u00e9rcoles en la Junta Central Electoral el PLD, por intermedio del delegado ante el organismo de comicios, Cesar Pina Toribio, hizo los reparos correspondientes procurando que no se use dicho adjetivo<\/p>\n<p>Argumenta el tambi\u00e9n miembro de Comit\u00e9 Pol\u00edtico del PLD  que  el adjetivo \u00abMayoritario\u00bb, es algo a probar en una contienda eleccionaria por lo que el \u00f3rgano que organiza los comicios,  se estar\u00eda descalificando si aceptara esa propuesta como le fue remitida.<\/p>\n<\/p>\n<p>Es de rigor, seg\u00fan la Ley Electoral, que antes de aprobar un partido, agrupaci\u00f3n o fuerza pol\u00edtica, la Junta Central  Electoral debe convocar, como lo ha hecho, a los dem\u00e1s partidos pol\u00edticos del sistema su opini\u00f3n.<\/p>\n<\/p>\n<p>\u00abEn primer lugar habr\u00eda que se\u00f1alar que es un problema de  razonabilidad en este caso que compromete seriamente a la Junta Central Electoral  si aceptara esa denominaci\u00f3n de mayoritario a un partido\u00bb, se\u00f1al\u00f3 Toribio, en la audiencia y que el PLD divulg\u00f3 mediante un despacho de prensa  de la Secretar\u00eda de Comunicaciones.<\/p>\n<\/p>\n<p>Pina Toribio, a nombre del Partido de la Liberaci\u00f3n Dominicana, manifest\u00f3 su oposici\u00f3n al t\u00e9rmino de \u00abmayoritario \u00ab, reiterando  que de  la Junta Central Electoral conceder  a un partido el adjetivo de mayoritario se est\u00e1 auto descalificando  porque esa condici\u00f3n se debe  consagrar cada cuatro a\u00f1os como resultado del escrutinio.<\/p>\n<\/p>\n<p>Otros de los partidos participantes objetaron el logotipo y los colores que se pretende utilizar para inscribir la nueva agrupaci\u00f3n, que proviene de la existente ASD  y que es resultante de una nueva fragmentaci\u00f3n del  PRD.<\/p>\n<h6> 2014-08-28 11:21:41 <\/h6>\n<p><!--\n<link rel=\"stylesheet\" href=\"css\/bootstrap.min.css\">\n\n\n<ul class=\"pagination\">\n\t    \n\t\n\n<li >\n\t<a href='?page_no=14722'>Previous<\/a>\n\t<\/li>\n\n\n       \n    \n\n<li><a href='?page_no=1'>1<\/a><\/li>\n\n\n\n<li><a href='?page_no=2'>2<\/a><\/li>\n\n\n\n<li><a>...<\/a><\/li>\n\n\n\n<li><a href='?page_no=14721'>14721<\/a><\/li>\n\n\n\n<li><a href='?page_no=14722'>14722<\/a><\/li>\n\n\n\n<li class='active'><a>14723<\/a><\/li>\n\n\n\n<li><a href='?page_no=14724'>14724<\/a><\/li>\n\n\n\n<li><a href='?page_no=14725'>14725<\/a><\/li>\n\n\n\n<li><a>...<\/a><\/li>\n\n\n\n<li><a href='?page_no=36999'>36999<\/a><\/li>\n\n\n\n<li><a href='?page_no=37000'>37000<\/a><\/li>\n\n    \n\t\n\n<li >\n\t<a href='?page_no=14724'>Next<\/a>\n\t<\/li>\n\n\n    \n\n<li><a href='?page_no=37000'>Last &rsaquo;&rsaquo;<\/a><\/li>\n\n<\/ul>\n\n\n--><br \/>\n<\/body><\/p>\n","protected":false},"excerpt":{"rendered":"<p>Santo Domingo, R. D., 28 de agosto.- El Partido de la Liberaci\u00f3n Dominicana (PLD) objeta que se use el adjetivo de mayoritario para llamar a la Alianza Social Dominicana, agrupaci\u00f3n que est\u00e1 solicitando a la Junta Central Electoral un cambio de nombre y de simbolog\u00eda. En la audiencia celebrada este mi\u00e9rcoles en la Junta Central [&hellip;]<\/p>\n","protected":false},"author":3,"featured_media":0,"comment_status":"open","ping_status":"open","sticky":false,"template":"","format":"standard","meta":{"footnotes":""},"categories":[22],"tags":[],"class_list":["post-162304","post","type-post","status-publish","format-standard","hentry","category-politica"],"_links":{"self":[{"href":"https:\/\/diariodominicano.com\/index.php?rest_route=\/wp\/v2\/posts\/162304","targetHints":{"allow":["GET"]}}],"collection":[{"href":"https:\/\/diariodominicano.com\/index.php?rest_route=\/wp\/v2\/posts"}],"about":[{"href":"https:\/\/diariodominicano.com\/index.php?rest_route=\/wp\/v2\/types\/post"}],"author":[{"embeddable":true,"href":"https:\/\/diariodominicano.com\/index.php?rest_route=\/wp\/v2\/users\/3"}],"replies":[{"embeddable":true,"href":"https:\/\/diariodominicano.com\/index.php?rest_route=%2Fwp%2Fv2%2Fcomments&post=162304"}],"version-history":[{"count":0,"href":"https:\/\/diariodominicano.com\/index.php?rest_route=\/wp\/v2\/posts\/162304\/revisions"}],"wp:attachment":[{"href":"https:\/\/diariodominicano.com\/index.php?rest_route=%2Fwp%2Fv2%2Fmedia&parent=162304"}],"wp:term":[{"taxonomy":"category","embeddable":true,"href":"https:\/\/diariodominicano.com\/index.php?rest_route=%2Fwp%2Fv2%2Fcategories&post=162304"},{"taxonomy":"post_tag","embeddable":true,"href":"https:\/\/diariodominicano.com\/index.php?rest_route=%2Fwp%2Fv2%2Ftags&post=162304"}],"curies":[{"name":"wp","href":"https:\/\/api.w.org\/{rel}","templated":true}]}}