{"id":162303,"date":"2014-08-28T13:54:43","date_gmt":"2014-08-28T13:54:43","guid":{"rendered":"http:\/\/diariodominicano.ddns.net\/?p=162303"},"modified":"2014-08-28T13:54:43","modified_gmt":"2014-08-28T13:54:43","slug":"gobernador-de-barahona-juramenta-familia-del-prd-que-paso-al-pld-en-paraiso","status":"publish","type":"post","link":"https:\/\/diariodominicano.com\/?p=162303","title":{"rendered":"Gobernador de Barahona juramenta familia del PRD que pas\u00f3 al PLD en Para\u00edso."},"content":{"rendered":"<p><body><\/p>\n<p><img decoding=\"async\" src=\"img3\/juran 2.jpg\" \/><br \/><img decoding=\"async\" src=\"img3\/jura 28.jpg\" \/>  <\/p>\n<p>Para\u00edso, Barahona 28 agosto.- El gobernador  de  esta provincia, Pedro Pe\u00f1a  Rubio, jurament\u00f3   en este municipio una  reconocida familia que militaba  en  el  Partido Revolucionario Dominicano (PRD), que pas\u00f3 a formar  filas en  el Partido de  la  Liberaci\u00f3n  Dominicana (PLD).<\/p>\n<\/p>\n<p>La  familia Ledesma P\u00e9rez,   considerada   como un  basti\u00f3n del PRD,  se   comprometi\u00f3 a  trabajar   a favor  del  PLD y las   aspiraciones  del precandidato  a la  senadur\u00eda  por  la  provincia  de Barahona, Pe\u00f1a Rubio.<\/p>\n<\/p>\n<p>El  acto se llev\u00f3 a cabo en   el sector  La Yagua de este municipio donde particip\u00f3 el presidente municipal  y precandidato a la  alcald\u00eda Juan Fischert, quien dijo de llegar a esa posici\u00f3n   trabajar\u00e1  a favor de la salud, el deporte  y pondr\u00e1  atenci\u00f3n a  la recogida de  basura.<\/p>\n<\/p>\n<p>Tambi\u00e9n  participaron  los precandidatos a  regidores  Domingo Medina,  Wander Arias, Eliardo Moreta  y Rey Gaspar  Acosta;  el dirigente reformista  Ernesto F\u00e9liz Matos, adem\u00e1s los  dirigentes del partido oficialista  Felix Frontan,  Alfonzo F\u00e9liz  Castillo, entre otros.<\/p>\n<\/p>\n<p>El  gobernador  y  precandidato a senador  por Barahona, agradeci\u00f3 a la  familia Ledesma  P\u00e9rez, por  su decisi\u00f3n que garantizar\u00eda  que  el PLD contin\u00fae  obteniendo  triunfos  en los  procesos  electorales venideros.<\/p>\n<\/p>\n<p>En cuanto  a sus  aspiraciones a obtener  la  candidatura  a la  senadur\u00eda, dijo  que  su prop\u00f3sito es  continuar  trabajando a  favor  de la  provincia  de  Barahona,  como  lo  ha  estado realizando  desde la  gobernaci\u00f3n, junto   diversos  sectores de la poblaci\u00f3n.<\/p>\n<\/p>\n<p>En el   encuentro, en el participaron cientos de  dirigentes  peledeista  del municipio de Para\u00edso y de las  comunidades  de Ogeda y San Rafael,   Pe\u00f1a  Rubio estuvo acompa\u00f1ado de los  precandidatos  a diputados Carlos Manuel Flori\u00e1n, Carlos  Guzm\u00e1n  Ferm\u00edn y Augusto Moreta; el alcalde de  Fundaci\u00f3n  Miguel \u00c1ngel  Segura; Mart\u00edn Matos, del INDRHI, entre otros.<\/p>\n<h6> 2014-08-28 13:54:43 <\/h6>\n<p><!--\n<link rel=\"stylesheet\" href=\"css\/bootstrap.min.css\">\n\n\n<ul class=\"pagination\">\n\t    \n\t\n\n<li >\n\t<a href='?page_no=14721'>Previous<\/a>\n\t<\/li>\n\n\n       \n    \n\n<li><a href='?page_no=1'>1<\/a><\/li>\n\n\n\n<li><a href='?page_no=2'>2<\/a><\/li>\n\n\n\n<li><a>...<\/a><\/li>\n\n\n\n<li><a href='?page_no=14720'>14720<\/a><\/li>\n\n\n\n<li><a href='?page_no=14721'>14721<\/a><\/li>\n\n\n\n<li class='active'><a>14722<\/a><\/li>\n\n\n\n<li><a href='?page_no=14723'>14723<\/a><\/li>\n\n\n\n<li><a href='?page_no=14724'>14724<\/a><\/li>\n\n\n\n<li><a>...<\/a><\/li>\n\n\n\n<li><a href='?page_no=36999'>36999<\/a><\/li>\n\n\n\n<li><a href='?page_no=37000'>37000<\/a><\/li>\n\n    \n\t\n\n<li >\n\t<a href='?page_no=14723'>Next<\/a>\n\t<\/li>\n\n\n    \n\n<li><a href='?page_no=37000'>Last &rsaquo;&rsaquo;<\/a><\/li>\n\n<\/ul>\n\n\n--><br \/>\n<\/body><\/p>\n","protected":false},"excerpt":{"rendered":"<p>Para\u00edso, Barahona 28 agosto.- El gobernador de esta provincia, Pedro Pe\u00f1a Rubio, jurament\u00f3 en este municipio una reconocida familia que militaba en el Partido Revolucionario Dominicano (PRD), que pas\u00f3 a formar filas en el Partido de la Liberaci\u00f3n Dominicana (PLD). La familia Ledesma P\u00e9rez, considerada como un basti\u00f3n del PRD, se comprometi\u00f3 a trabajar a [&hellip;]<\/p>\n","protected":false},"author":3,"featured_media":0,"comment_status":"open","ping_status":"open","sticky":false,"template":"","format":"standard","meta":{"footnotes":""},"categories":[22],"tags":[],"class_list":["post-162303","post","type-post","status-publish","format-standard","hentry","category-politica"],"_links":{"self":[{"href":"https:\/\/diariodominicano.com\/index.php?rest_route=\/wp\/v2\/posts\/162303","targetHints":{"allow":["GET"]}}],"collection":[{"href":"https:\/\/diariodominicano.com\/index.php?rest_route=\/wp\/v2\/posts"}],"about":[{"href":"https:\/\/diariodominicano.com\/index.php?rest_route=\/wp\/v2\/types\/post"}],"author":[{"embeddable":true,"href":"https:\/\/diariodominicano.com\/index.php?rest_route=\/wp\/v2\/users\/3"}],"replies":[{"embeddable":true,"href":"https:\/\/diariodominicano.com\/index.php?rest_route=%2Fwp%2Fv2%2Fcomments&post=162303"}],"version-history":[{"count":0,"href":"https:\/\/diariodominicano.com\/index.php?rest_route=\/wp\/v2\/posts\/162303\/revisions"}],"wp:attachment":[{"href":"https:\/\/diariodominicano.com\/index.php?rest_route=%2Fwp%2Fv2%2Fmedia&parent=162303"}],"wp:term":[{"taxonomy":"category","embeddable":true,"href":"https:\/\/diariodominicano.com\/index.php?rest_route=%2Fwp%2Fv2%2Fcategories&post=162303"},{"taxonomy":"post_tag","embeddable":true,"href":"https:\/\/diariodominicano.com\/index.php?rest_route=%2Fwp%2Fv2%2Ftags&post=162303"}],"curies":[{"name":"wp","href":"https:\/\/api.w.org\/{rel}","templated":true}]}}