{"id":162302,"date":"2014-08-28T17:19:32","date_gmt":"2014-08-28T17:19:32","guid":{"rendered":"http:\/\/diariodominicano.ddns.net\/?p=162302"},"modified":"2014-08-28T17:19:32","modified_gmt":"2014-08-28T17:19:32","slug":"ito-bisono-aboga-por-cambios-en-el-sistema-educativo","status":"publish","type":"post","link":"https:\/\/diariodominicano.com\/?p=162302","title":{"rendered":"Ito Bison\u00f3 aboga por cambios en el sistema educativo"},"content":{"rendered":"<p><body><\/p>\n<p>Santo Domingo RD 28 agosto.- El diputado V\u00edctor -Ito- Bison\u00f3 abog\u00f3 este jueves para que se apliquen profundos cambios en el sistema educativo dominicano para poder encaminar al pa\u00eds hacia un modelo de desarrollo efectivo y sostenible.<\/p>\n<\/p>\n<p>El tambi\u00e9n precandidato presidencial del Partido Reformista Social Cristiano (PRSC), expuso como prueba de ello los resultados en las m\u00e1s recientes pruebas nacionales, en las que un promedio del 40% de los estudiantes no aprob\u00f3 la primera y segunda convocatoria.<\/p>\n<\/p>\n<p>\u00abLos Gobiernos tienden a medir el progreso de la educaci\u00f3n en t\u00e9rminos de incremento de la matr\u00edcula, infraestructura y gasto, pero lo m\u00e1s importante debe ser la calidad y el nivel de aprendizaje del alumno\u00bb, consider\u00f3.<\/p>\n<\/p>\n<p>Manifest\u00f3 que el reto del Gobierno era el acceso a la educaci\u00f3n y que en ese sentido, el pa\u00eds ha mostrado grandes avances. Sin embargo entiende que en lo adelante el mayor reto es la calidad de la educaci\u00f3n que reciben los estudiantes.<\/p>\n<\/p>\n<p>Bison\u00f3 sostuvo que los maestros requieren de recursos y apoyo pedag\u00f3gico para mejorar las condiciones de ense\u00f1anza en las aulas.<\/p>\n<\/p>\n<p>El legislador reformista dijo que si el pa\u00eds quiere competir en la econom\u00eda global es necesario mejorar la fuerza laboral, elevando la calidad del sistema educativo.<\/p>\n<\/p>\n<p>Bison\u00f3 se expres\u00f3 en estos t\u00e9rminos al participar en el izamiento de la bandera dominicana y  la donaci\u00f3n de \u00fatiles escolares y libros de su autor\u00eda \u00abLas bases de la naci\u00f3n fuentes y virtudes ciudadanas\u00bb en la escuela b\u00e1sica Emma Balaguer del sector las Palma de Herrera.<\/p>\n<\/p>\n<p>En la actividad el congresista estuvo acompa\u00f1ado por la directora del plantel escolar Cristina Guti\u00e9rrez, el dirigente comunitario Raimundo Lebr\u00f3n, el presidente de la fundaci\u00f3n Tem\u00edstocles Metz, Benny Metz, los dirigentes del PRSC Luis Rene Mancebo, Eddy Tejeda, Raulin P\u00e9rez, Silvano Parra, entre otros.<\/p>\n<\/p>\n<p>&#8211; See more at: http:\/\/www.elcaribe.com.do\/2014\/08\/28\/ito-bisono-aboga-por-cambios-sistema-educativo#sthash.oWaC92IA.dpuf<\/p>\n<h6> 2014-08-28 17:19:32 <\/h6>\n<p><!--\n<link rel=\"stylesheet\" href=\"css\/bootstrap.min.css\">\n\n\n<ul class=\"pagination\">\n\t    \n\t\n\n<li >\n\t<a href='?page_no=14720'>Previous<\/a>\n\t<\/li>\n\n\n       \n    \n\n<li><a href='?page_no=1'>1<\/a><\/li>\n\n\n\n<li><a href='?page_no=2'>2<\/a><\/li>\n\n\n\n<li><a>...<\/a><\/li>\n\n\n\n<li><a href='?page_no=14719'>14719<\/a><\/li>\n\n\n\n<li><a href='?page_no=14720'>14720<\/a><\/li>\n\n\n\n<li class='active'><a>14721<\/a><\/li>\n\n\n\n<li><a href='?page_no=14722'>14722<\/a><\/li>\n\n\n\n<li><a href='?page_no=14723'>14723<\/a><\/li>\n\n\n\n<li><a>...<\/a><\/li>\n\n\n\n<li><a href='?page_no=36999'>36999<\/a><\/li>\n\n\n\n<li><a href='?page_no=37000'>37000<\/a><\/li>\n\n    \n\t\n\n<li >\n\t<a href='?page_no=14722'>Next<\/a>\n\t<\/li>\n\n\n    \n\n<li><a href='?page_no=37000'>Last &rsaquo;&rsaquo;<\/a><\/li>\n\n<\/ul>\n\n\n--><br \/>\n<\/body><\/p>\n","protected":false},"excerpt":{"rendered":"<p>Santo Domingo RD 28 agosto.- El diputado V\u00edctor -Ito- Bison\u00f3 abog\u00f3 este jueves para que se apliquen profundos cambios en el sistema educativo dominicano para poder encaminar al pa\u00eds hacia un modelo de desarrollo efectivo y sostenible. El tambi\u00e9n precandidato presidencial del Partido Reformista Social Cristiano (PRSC), expuso como prueba de ello los resultados en [&hellip;]<\/p>\n","protected":false},"author":3,"featured_media":0,"comment_status":"open","ping_status":"open","sticky":false,"template":"","format":"standard","meta":{"footnotes":""},"categories":[22],"tags":[],"class_list":["post-162302","post","type-post","status-publish","format-standard","hentry","category-politica"],"_links":{"self":[{"href":"https:\/\/diariodominicano.com\/index.php?rest_route=\/wp\/v2\/posts\/162302","targetHints":{"allow":["GET"]}}],"collection":[{"href":"https:\/\/diariodominicano.com\/index.php?rest_route=\/wp\/v2\/posts"}],"about":[{"href":"https:\/\/diariodominicano.com\/index.php?rest_route=\/wp\/v2\/types\/post"}],"author":[{"embeddable":true,"href":"https:\/\/diariodominicano.com\/index.php?rest_route=\/wp\/v2\/users\/3"}],"replies":[{"embeddable":true,"href":"https:\/\/diariodominicano.com\/index.php?rest_route=%2Fwp%2Fv2%2Fcomments&post=162302"}],"version-history":[{"count":0,"href":"https:\/\/diariodominicano.com\/index.php?rest_route=\/wp\/v2\/posts\/162302\/revisions"}],"wp:attachment":[{"href":"https:\/\/diariodominicano.com\/index.php?rest_route=%2Fwp%2Fv2%2Fmedia&parent=162302"}],"wp:term":[{"taxonomy":"category","embeddable":true,"href":"https:\/\/diariodominicano.com\/index.php?rest_route=%2Fwp%2Fv2%2Fcategories&post=162302"},{"taxonomy":"post_tag","embeddable":true,"href":"https:\/\/diariodominicano.com\/index.php?rest_route=%2Fwp%2Fv2%2Ftags&post=162302"}],"curies":[{"name":"wp","href":"https:\/\/api.w.org\/{rel}","templated":true}]}}