{"id":162301,"date":"2014-08-28T17:26:57","date_gmt":"2014-08-28T17:26:57","guid":{"rendered":"http:\/\/diariodominicano.ddns.net\/?p=162301"},"modified":"2014-08-28T17:26:57","modified_gmt":"2014-08-28T17:26:57","slug":"procurador-general-de-la-republica-favorece-conocimiento-de-ley-de-partidos","status":"publish","type":"post","link":"https:\/\/diariodominicano.com\/?p=162301","title":{"rendered":"&#13;Procurador General de la Rep\u00fablica favorece conocimiento de Ley de Partidos  &#13;"},"content":{"rendered":"<p><body><\/p>\n<p><img decoding=\"async\" src=\"img3\/brito 28.jpg\" \/>  <\/p>\n<p>Santo Domingo RD 28 agosto.- Francisco Dom\u00ednguez Brito, magistrado Procurador General de la Rep\u00fablica, quien es  miembro del Comit\u00e9 Central del Partido de la Liberaci\u00f3n Dominicana,  se manifest\u00f3 en total  acuerdo con que se aprueba la Ley de Partidos y Agrupaciones Pol\u00edticas, la cual lleva a\u00f1os peregrinando en el Congreso.<\/p>\n<\/p>\n<p>El jurista considera que ya es tiempo de que se apruebe esta ley, la que no solo regular\u00e1 el ejercicio de la actividad pol\u00edtica partidaria,  en sentido general sino tambi\u00e9n el funcionamiento  interno de los partidos y agrupaciones pol\u00edticas.<\/p>\n<\/p>\n<p>\u00abLos pol\u00edticos y los partidos est\u00e1n experimentando una erosi\u00f3n muy seria en su  democracia interna. Hay mucha dificultad en el di\u00e1logo en la misma tolerancia a lo interno de los partidos\u00bb, precis\u00f3 Dom\u00ednguez Brito, entrevistado en el programa Matinal 5 y rese\u00f1ado en un reporte de prensa de la Secretar\u00eda de Comunicaciones del PLD.<\/p>\n<\/p>\n<p>Consider\u00f3 que es el momento id\u00f3neo para reflexionar sobre lo que est\u00e1 sucediendo. \u00abAhora mismo, el mayor partido opositor  con serios problemas  de divisi\u00f3n interna.<\/p>\n<\/p>\n<p>Entiende que el propio Partido de la Liberaci\u00f3n Dominicana necesita un proceso de reflexi\u00f3n sobre sus procesos internos y que debe definir donde ir y como fortalecer la democracia de la Rep\u00fablica Dominicana.<\/p>\n<\/p>\n<p>En su reuni\u00f3n del pasado lunes, el Comit\u00e9 Pol\u00edtico del Partido de la Liberaci\u00f3n Dominicana defini\u00f3 la posici\u00f3n definitiva que asumir\u00e1 en torno al proyecto de Ley de Partidos y Agrupaciones Pol\u00edticas e inform\u00f3 que en los pr\u00f3ximos d\u00edas la dar\u00e1 a conocer.<\/p>\n<\/p>\n<p>Hablando a nombre del alto organismo, Reinaldo Pared P\u00e9rez, secretario general del PLD, expres\u00f3 que despu\u00e9s de analizar algunos aspectos de estilos, presentar\u00e1n en un documento lo que ser\u00e1 la posici\u00f3n del Partido de la Liberaci\u00f3n Dominicana a sus bancadas en el Congreso para cuando el proyecto se coloque en la agenda del d\u00eda.<\/p>\n<h6> 2014-08-28 17:26:57 <\/h6>\n<p><!--\n<link rel=\"stylesheet\" href=\"css\/bootstrap.min.css\">\n\n\n<ul class=\"pagination\">\n\t    \n\t\n\n<li >\n\t<a href='?page_no=14719'>Previous<\/a>\n\t<\/li>\n\n\n       \n    \n\n<li><a href='?page_no=1'>1<\/a><\/li>\n\n\n\n<li><a href='?page_no=2'>2<\/a><\/li>\n\n\n\n<li><a>...<\/a><\/li>\n\n\n\n<li><a href='?page_no=14718'>14718<\/a><\/li>\n\n\n\n<li><a href='?page_no=14719'>14719<\/a><\/li>\n\n\n\n<li class='active'><a>14720<\/a><\/li>\n\n\n\n<li><a href='?page_no=14721'>14721<\/a><\/li>\n\n\n\n<li><a href='?page_no=14722'>14722<\/a><\/li>\n\n\n\n<li><a>...<\/a><\/li>\n\n\n\n<li><a href='?page_no=36999'>36999<\/a><\/li>\n\n\n\n<li><a href='?page_no=37000'>37000<\/a><\/li>\n\n    \n\t\n\n<li >\n\t<a href='?page_no=14721'>Next<\/a>\n\t<\/li>\n\n\n    \n\n<li><a href='?page_no=37000'>Last &rsaquo;&rsaquo;<\/a><\/li>\n\n<\/ul>\n\n\n--><br \/>\n<\/body><\/p>\n","protected":false},"excerpt":{"rendered":"<p>Santo Domingo RD 28 agosto.- Francisco Dom\u00ednguez Brito, magistrado Procurador General de la Rep\u00fablica, quien es miembro del Comit\u00e9 Central del Partido de la Liberaci\u00f3n Dominicana, se manifest\u00f3 en total acuerdo con que se aprueba la Ley de Partidos y Agrupaciones Pol\u00edticas, la cual lleva a\u00f1os peregrinando en el Congreso. El jurista considera que ya [&hellip;]<\/p>\n","protected":false},"author":3,"featured_media":0,"comment_status":"open","ping_status":"open","sticky":false,"template":"","format":"standard","meta":{"footnotes":""},"categories":[22],"tags":[],"class_list":["post-162301","post","type-post","status-publish","format-standard","hentry","category-politica"],"_links":{"self":[{"href":"https:\/\/diariodominicano.com\/index.php?rest_route=\/wp\/v2\/posts\/162301","targetHints":{"allow":["GET"]}}],"collection":[{"href":"https:\/\/diariodominicano.com\/index.php?rest_route=\/wp\/v2\/posts"}],"about":[{"href":"https:\/\/diariodominicano.com\/index.php?rest_route=\/wp\/v2\/types\/post"}],"author":[{"embeddable":true,"href":"https:\/\/diariodominicano.com\/index.php?rest_route=\/wp\/v2\/users\/3"}],"replies":[{"embeddable":true,"href":"https:\/\/diariodominicano.com\/index.php?rest_route=%2Fwp%2Fv2%2Fcomments&post=162301"}],"version-history":[{"count":0,"href":"https:\/\/diariodominicano.com\/index.php?rest_route=\/wp\/v2\/posts\/162301\/revisions"}],"wp:attachment":[{"href":"https:\/\/diariodominicano.com\/index.php?rest_route=%2Fwp%2Fv2%2Fmedia&parent=162301"}],"wp:term":[{"taxonomy":"category","embeddable":true,"href":"https:\/\/diariodominicano.com\/index.php?rest_route=%2Fwp%2Fv2%2Fcategories&post=162301"},{"taxonomy":"post_tag","embeddable":true,"href":"https:\/\/diariodominicano.com\/index.php?rest_route=%2Fwp%2Fv2%2Ftags&post=162301"}],"curies":[{"name":"wp","href":"https:\/\/api.w.org\/{rel}","templated":true}]}}