{"id":162299,"date":"2014-08-28T17:56:31","date_gmt":"2014-08-28T17:56:31","guid":{"rendered":"http:\/\/diariodominicano.ddns.net\/?p=162299"},"modified":"2014-08-28T17:56:31","modified_gmt":"2014-08-28T17:56:31","slug":"lanzan-movimiento-de-apoyo-a-francisco-javier-garcia","status":"publish","type":"post","link":"https:\/\/diariodominicano.com\/?p=162299","title":{"rendered":"Lanzan movimiento de apoyo a Francisco Javier Garc\u00eda"},"content":{"rendered":"<p><body><\/p>\n<p><img decoding=\"async\" src=\"img3\/francisco 28.jpg\" \/>  <\/p>\n<p>Santo Domingo RD 28 agosto.-El aspirante a la nominaci\u00f3n presidencial por el PLD, Francisco Javier Garc\u00eda, recibi\u00f3 el respaldo de cientos de profesionales que integran el Movimiento \u00abMarat\u00f3n 2016 con Francisco Javier\u00bb.<\/p>\n<\/p>\n<p>Franklin Morillo, coordinador general del Movimiento compuesto tambi\u00e9n por t\u00e9cnicos, comerciantes y dirigentes comunitarios, al hacer uso de la palabra durante el acto afirm\u00f3 que Francisco Javier es un hombre humilde, humano y sensible, con un liderazgo extraordinario que lo diferencia de los dem\u00e1s aspirantes pelede\u00edstas.<\/p>\n<\/p>\n<p>El acto fue realizado en el comando de campa\u00f1a de la avenida Sarasota, n\u00famero 12, en el Distrito Nacional, al que asistieron cientos de personas.<\/p>\n<\/p>\n<p>Morillo dijo que Francisco Javier es la persona m\u00e1s id\u00f3nea y sensata que tiene la Rep\u00fablica Dominicana para dirigir sus destinos a partir de agosto del a\u00f1o 2016. El Movimiento \u00abMarat\u00f3n 2016 con Francisco Javier\u00bb tiene un programa para llegar a las comunidades a nivel nacional y asistirlas llevando aliento a la gente, con material de formaci\u00f3n, orientaci\u00f3n y promoci\u00f3n del candidato. <\/p>\n<\/p>\n<p>Contar\u00e1n con m\u00e1s de 1,500 comercios, carros y guaguas del transporte colectivo, y cientos de motocicletas, a trav\u00e9s de los cuales se promover\u00e1n los valores y condiciones de Javier Garc\u00eda.<\/p>\n<\/p>\n<h6> 2014-08-28 17:56:31 <\/h6>\n<p><!--\n<link rel=\"stylesheet\" href=\"css\/bootstrap.min.css\">\n\n\n<ul class=\"pagination\">\n\t    \n\t\n\n<li >\n\t<a href='?page_no=14718'>Previous<\/a>\n\t<\/li>\n\n\n       \n    \n\n<li><a href='?page_no=1'>1<\/a><\/li>\n\n\n\n<li><a href='?page_no=2'>2<\/a><\/li>\n\n\n\n<li><a>...<\/a><\/li>\n\n\n\n<li><a href='?page_no=14717'>14717<\/a><\/li>\n\n\n\n<li><a href='?page_no=14718'>14718<\/a><\/li>\n\n\n\n<li class='active'><a>14719<\/a><\/li>\n\n\n\n<li><a href='?page_no=14720'>14720<\/a><\/li>\n\n\n\n<li><a href='?page_no=14721'>14721<\/a><\/li>\n\n\n\n<li><a>...<\/a><\/li>\n\n\n\n<li><a href='?page_no=36999'>36999<\/a><\/li>\n\n\n\n<li><a href='?page_no=37000'>37000<\/a><\/li>\n\n    \n\t\n\n<li >\n\t<a href='?page_no=14720'>Next<\/a>\n\t<\/li>\n\n\n    \n\n<li><a href='?page_no=37000'>Last &rsaquo;&rsaquo;<\/a><\/li>\n\n<\/ul>\n\n\n--><br \/>\n<\/body><\/p>\n","protected":false},"excerpt":{"rendered":"<p>Santo Domingo RD 28 agosto.-El aspirante a la nominaci\u00f3n presidencial por el PLD, Francisco Javier Garc\u00eda, recibi\u00f3 el respaldo de cientos de profesionales que integran el Movimiento \u00abMarat\u00f3n 2016 con Francisco Javier\u00bb. Franklin Morillo, coordinador general del Movimiento compuesto tambi\u00e9n por t\u00e9cnicos, comerciantes y dirigentes comunitarios, al hacer uso de la palabra durante el acto [&hellip;]<\/p>\n","protected":false},"author":3,"featured_media":0,"comment_status":"open","ping_status":"open","sticky":false,"template":"","format":"standard","meta":{"footnotes":""},"categories":[22],"tags":[],"class_list":["post-162299","post","type-post","status-publish","format-standard","hentry","category-politica"],"_links":{"self":[{"href":"https:\/\/diariodominicano.com\/index.php?rest_route=\/wp\/v2\/posts\/162299","targetHints":{"allow":["GET"]}}],"collection":[{"href":"https:\/\/diariodominicano.com\/index.php?rest_route=\/wp\/v2\/posts"}],"about":[{"href":"https:\/\/diariodominicano.com\/index.php?rest_route=\/wp\/v2\/types\/post"}],"author":[{"embeddable":true,"href":"https:\/\/diariodominicano.com\/index.php?rest_route=\/wp\/v2\/users\/3"}],"replies":[{"embeddable":true,"href":"https:\/\/diariodominicano.com\/index.php?rest_route=%2Fwp%2Fv2%2Fcomments&post=162299"}],"version-history":[{"count":0,"href":"https:\/\/diariodominicano.com\/index.php?rest_route=\/wp\/v2\/posts\/162299\/revisions"}],"wp:attachment":[{"href":"https:\/\/diariodominicano.com\/index.php?rest_route=%2Fwp%2Fv2%2Fmedia&parent=162299"}],"wp:term":[{"taxonomy":"category","embeddable":true,"href":"https:\/\/diariodominicano.com\/index.php?rest_route=%2Fwp%2Fv2%2Fcategories&post=162299"},{"taxonomy":"post_tag","embeddable":true,"href":"https:\/\/diariodominicano.com\/index.php?rest_route=%2Fwp%2Fv2%2Ftags&post=162299"}],"curies":[{"name":"wp","href":"https:\/\/api.w.org\/{rel}","templated":true}]}}