{"id":162298,"date":"2014-08-28T18:13:04","date_gmt":"2014-08-28T18:13:04","guid":{"rendered":"http:\/\/diariodominicano.ddns.net\/?p=162298"},"modified":"2014-08-28T18:13:04","modified_gmt":"2014-08-28T18:13:04","slug":"franklin-almeyda-pondera-sentido-de-la-unidad-en-la-gestion-de-gobierno-del-pld","status":"publish","type":"post","link":"https:\/\/diariodominicano.com\/?p=162298","title":{"rendered":"Franklin Almeyda pondera sentido de la unidad en la gesti\u00f3n de Gobierno del PLD"},"content":{"rendered":"<p><body><\/p>\n<p><img decoding=\"async\" src=\"img3\/franco.jpg\" \/>  <\/p>\n<p><strong><span class=\"text1noticias\">Almeyda, miembro fundador del PLD ponder\u00f3 la relaci\u00f3n partido gobierno que se ha dado tanto en el gobierno del expresidente Leonel Fern\u00e1ndez como del presidente Danilo Medina.<\/span><\/strong><\/p>\n<p><strong><span class=\"text1noticias\"> <\/span><\/strong><\/p>\n<\/p>\n<p><span class=\"text1noticias\">SANTO DOMINGO, RD, 28 de Agosto de 2014.- Franklin Almeyda Rancier, miembro del Comit\u00e9 Pol\u00edtico del Partido de la Liberaci\u00f3n Dominicana (PLD), consider\u00f3 que una de las razones por las cuales esa organizaci\u00f3n pol\u00edtica se mantiene en el poder es por  el sentido de unidad que tienen sus dirigentes.<\/span><\/p>\n<p><span class=\"text1noticias\"> <\/span><\/p>\n<p><span class=\"text1noticias\">Almeyda, miembro fundador del PLD ponder\u00f3 la relaci\u00f3n partido gobierno que se ha dado tanto en el gobierno del expresidente Leonel Fern\u00e1ndez como del presidente Danilo Medina.<\/span><\/p>\n<p><span class=\"text1noticias\"> <\/span><\/p>\n<\/p>\n<p><span class=\"text1noticias\"> SANTO DOMINGO, RD, 28 de Agosto de 2014.- Franklin Almeyda Rancier, miembro del Comit\u00e9 Pol\u00edtico del Partido de la Liberaci\u00f3n Dominicana (PLD), consider\u00f3 que una de las razones por las cuales esa organizaci\u00f3n pol\u00edtica se mantiene en el poder es por  el sentido de unidad que tienen sus dirigentes.<\/span><\/p>\n<p><span class=\"text1noticias\"> <\/span><\/p>\n<p><span class=\"text1noticias\">Almeyda, miembro fundador del PLD ponder\u00f3 la relaci\u00f3n partido gobierno que se ha dado tanto en el gobierno del expresidente Leonel Fern\u00e1ndez como del presidente Danilo Medina.<\/span><\/p>\n<p><span class=\"text1noticias\"> <\/span><\/p>\n<p><span class=\"text1noticias\">Puso como ejemplo el respaldo irrestricto que ofreci\u00f3 el Comit\u00e9 Pol\u00edtico del PLD al Gobierno para que se construyan las plantas generadoras de electricidad en Punta Catalina y la felicitaci\u00f3n al presidente Danilo Medina por los logros alcanzados en los primeros dos a\u00f1os de gesti\u00f3n.<\/span><\/p>\n<p><span class=\"text1noticias\"> <\/span><\/p>\n<p><span class=\"text1noticias\">\u00abEn el Partido de la Liberaci\u00f3n Dominicana, primero con Leonel Fern\u00e1ndez y luego con Danilo Medina, tratamos tambi\u00e9n de ser equilibrados con los diferentes sectores sociales y escucharlos a todos\u00bb, indic\u00f3 Almeyda, entrevistado en el programa A Diario, rese\u00f1ado por la Secretar\u00eda de Comunicaciones del PLD.<\/span><\/p>\n<p><span class=\"text1noticias\"> <\/span><\/p>\n<p><span class=\"text1noticias\">Explic\u00f3 que una de las cosas que garantiza el Partido de la Liberaci\u00f3n Dominicana y que a veces sectores de la sociedad civil no entienden, es que su esencia y raz\u00f3n de ser es un partido pol\u00edtico y que deben actuar como tal.<\/span><\/p>\n<p><span class=\"text1noticias\"> <\/span><\/p>\n<p><span class=\"text1noticias\">Manifest\u00f3 que no obstante a esa unidad el PLD tiene en estos momentos un gran desaf\u00edo y es con el tema de la desigualdad que existe en la sociedad dominicana.<\/span><\/p>\n<p><span class=\"text1noticias\"> <\/span><\/p>\n<p><span class=\"text1noticias\">\u00abEl partido tiene ahora que asumir desde el poder pol\u00edticas publicas encaminadas a superar tantas desigualdades en la sociedad dominicana,  y que ha venido arrastrando desde hace mucho tiempo\u00bb, afirm\u00f3 Almeyda reiterando su concepto que ha plasmado en art\u00edculos period\u00edsticos y libros de su autor\u00eda.<\/span><\/p>\n<p><span class=\"text1noticias\"> <\/span><\/p>\n<p><span class=\"text1noticias\">Dijo  que se gobierna para la sociedad y no caprichosamente ni de forma populista, sino en beneficio de las grandes mayor\u00edas, como lo ha hecho el presidente Danilo Medina.<\/span><\/p>\n<\/p>\n<\/p>\n<h6> 2014-08-28 18:13:04 <\/h6>\n<p><!--\n<link rel=\"stylesheet\" href=\"css\/bootstrap.min.css\">\n\n\n<ul class=\"pagination\">\n\t    \n\t\n\n<li >\n\t<a href='?page_no=14717'>Previous<\/a>\n\t<\/li>\n\n\n       \n    \n\n<li><a href='?page_no=1'>1<\/a><\/li>\n\n\n\n<li><a href='?page_no=2'>2<\/a><\/li>\n\n\n\n<li><a>...<\/a><\/li>\n\n\n\n<li><a href='?page_no=14716'>14716<\/a><\/li>\n\n\n\n<li><a href='?page_no=14717'>14717<\/a><\/li>\n\n\n\n<li class='active'><a>14718<\/a><\/li>\n\n\n\n<li><a href='?page_no=14719'>14719<\/a><\/li>\n\n\n\n<li><a href='?page_no=14720'>14720<\/a><\/li>\n\n\n\n<li><a>...<\/a><\/li>\n\n\n\n<li><a href='?page_no=36999'>36999<\/a><\/li>\n\n\n\n<li><a href='?page_no=37000'>37000<\/a><\/li>\n\n    \n\t\n\n<li >\n\t<a href='?page_no=14719'>Next<\/a>\n\t<\/li>\n\n\n    \n\n<li><a href='?page_no=37000'>Last &rsaquo;&rsaquo;<\/a><\/li>\n\n<\/ul>\n\n\n--><br \/>\n<\/body><\/p>\n","protected":false},"excerpt":{"rendered":"<p>Almeyda, miembro fundador del PLD ponder\u00f3 la relaci\u00f3n partido gobierno que se ha dado tanto en el gobierno del expresidente Leonel Fern\u00e1ndez como del presidente Danilo Medina. SANTO DOMINGO, RD, 28 de Agosto de 2014.- Franklin Almeyda Rancier, miembro del Comit\u00e9 Pol\u00edtico del Partido de la Liberaci\u00f3n Dominicana (PLD), consider\u00f3 que una de las razones [&hellip;]<\/p>\n","protected":false},"author":3,"featured_media":0,"comment_status":"open","ping_status":"open","sticky":false,"template":"","format":"standard","meta":{"footnotes":""},"categories":[22],"tags":[],"class_list":["post-162298","post","type-post","status-publish","format-standard","hentry","category-politica"],"_links":{"self":[{"href":"https:\/\/diariodominicano.com\/index.php?rest_route=\/wp\/v2\/posts\/162298","targetHints":{"allow":["GET"]}}],"collection":[{"href":"https:\/\/diariodominicano.com\/index.php?rest_route=\/wp\/v2\/posts"}],"about":[{"href":"https:\/\/diariodominicano.com\/index.php?rest_route=\/wp\/v2\/types\/post"}],"author":[{"embeddable":true,"href":"https:\/\/diariodominicano.com\/index.php?rest_route=\/wp\/v2\/users\/3"}],"replies":[{"embeddable":true,"href":"https:\/\/diariodominicano.com\/index.php?rest_route=%2Fwp%2Fv2%2Fcomments&post=162298"}],"version-history":[{"count":0,"href":"https:\/\/diariodominicano.com\/index.php?rest_route=\/wp\/v2\/posts\/162298\/revisions"}],"wp:attachment":[{"href":"https:\/\/diariodominicano.com\/index.php?rest_route=%2Fwp%2Fv2%2Fmedia&parent=162298"}],"wp:term":[{"taxonomy":"category","embeddable":true,"href":"https:\/\/diariodominicano.com\/index.php?rest_route=%2Fwp%2Fv2%2Fcategories&post=162298"},{"taxonomy":"post_tag","embeddable":true,"href":"https:\/\/diariodominicano.com\/index.php?rest_route=%2Fwp%2Fv2%2Ftags&post=162298"}],"curies":[{"name":"wp","href":"https:\/\/api.w.org\/{rel}","templated":true}]}}