{"id":162297,"date":"2014-08-28T18:45:21","date_gmt":"2014-08-28T18:45:21","guid":{"rendered":"http:\/\/diariodominicano.ddns.net\/?p=162297"},"modified":"2014-08-28T18:45:21","modified_gmt":"2014-08-28T18:45:21","slug":"hector-ramirez-se-compromete-a-luchar-contra-la-pobreza-del-distrito-86-de-new-york","status":"publish","type":"post","link":"https:\/\/diariodominicano.com\/?p=162297","title":{"rendered":"&#13;&#13;H\u00e9ctor Ram\u00edrez se compromete a luchar contra la pobreza del Distrito 86 de New York"},"content":{"rendered":"<p><body><\/p>\n<p><img decoding=\"async\" src=\"img3\/aspirante2.jpg\" \/><br \/><img decoding=\"async\" src=\"img3\/aspisrante.jpg\" \/>  <\/p>\n<\/p>\n<p><span class=\"text1noticias\">Por Luis An\u00edbal Medrano S.<\/span><\/p>\n<\/p>\n<p><span class=\"text1noticias\">New York, EEUU, 28 de agosto.- El aspirante a la posici\u00f3n de Asamble\u00edsta por el Distrito 86 de la ciudad de New York, H\u00e9ctor Ram\u00edrez, recibi\u00f3 un amplio respaldo de la coalici\u00f3n de taxistas de esta ciudad donde se aglutinaron l\u00edderes pol\u00edticos, comunitarios y empresariales que asistieron para expresarle su apoyo.<\/span><\/p>\n<\/p>\n<p><span class=\"text1noticias\">H\u00e9ctor Ram\u00edrez, que aspira a ser electo en el certamen del pr\u00f3ximo martes 9 de septiembre, expres\u00f3 su confianza de alcanzar la victoria  lo que para \u00e9l ser\u00e1 un triunfo de todos los habitantes del distrito que aspira a representar.<\/span><\/p>\n<\/p>\n<p><span class=\"text1noticias\">Dijo que se debe abrir la compuerta para que ciudadanos y ciudadanas que verdaderamente trabaje a favor de la comunidades que no se alejen de sus electores y que cumpla con las planes y proyectos que vayan a favorecerles.<\/span><\/p>\n<\/p>\n<p><span class=\"text1noticias\">Dijo que lleg\u00f3 la hora de que un autentico representante escale para defender y auspiciar desarrollo econ\u00f3mico en uno de los distritos m\u00e1s pobre de todos la uni\u00f3n, para lo que trabajara sin descanso y contribuir una mejor calidad de vida en el Distrito 86.<\/span><\/p>\n<\/p>\n<p><span class=\"text1noticias\">Ram\u00edrez explic\u00f3 que en los \u00faltimos 15 a\u00f1os ha ampliado su participaci\u00f3n pol\u00edtica en el Bronx para reflejar su pasi\u00f3n por el servicio a la comunidad, trabajando en colaboraci\u00f3n con organizaciones de bases y funcionarios electos para exigir empleos, mejoramiento y disminuci\u00f3n de los costos de servicios de salud, la educaci\u00f3n de los hijos, construcci\u00f3n de viviendas a precios asequibles, as\u00ed como parar el alza del pago de renta, en una de las zonas m\u00e1s pobres del pa\u00eds.<\/span><\/p>\n<\/p>\n<p><span class=\"text1noticias\">El aspirante para asamble\u00edsta forma parte del equipo que encabeza Charlie Rangel y que junto a Fernando Cabrera, Heriberto Collazo, Sharina Aybar, Winfred Turner y Louella Hatch, buscan lograr sus respectivos esca\u00f1os.<\/span><\/p>\n<\/p>\n<p><span class=\"text1noticias\">Dirigentes pol\u00edticos de la talla de Luis Ducasses, Margarita Pichardo, Neftali Fuerte, Rafaela G\u00f3mez, Keny N\u00fa\u00f1ez, Julyn Mart\u00ednez, coincidieron en resaltar las cualidades del Ram\u00edrez, quienes a sus juicios trabajar\u00e1 a favor de la comunidad ya que es un preocupado permanente por el bienestar de su gente, lo que ha demostrado en su accionar pol\u00edtico, empresarial y comunitario.<\/span><\/p>\n<\/p>\n<p><span class=\"text1noticias\">La actividad fue coordinada por Pedro Joaqu\u00edn Aguiar, Presidente de la Coalici\u00f3n de Taxistas de New York y Francisco Roa, connotado dirigente del Partido Reformista Social Cristiano en la ciudad de New York, quienes expresaron la decisi\u00f3n adoptada por la membrec\u00eda en pleno de la entidad que representan a favor de H\u00e9ctor Ram\u00edrez.  <\/span>  <\/p>\n<h6> 2014-08-28 18:45:21 <\/h6>\n<p><!--\n<link rel=\"stylesheet\" href=\"css\/bootstrap.min.css\">\n\n\n<ul class=\"pagination\">\n\t    \n\t\n\n<li >\n\t<a href='?page_no=14716'>Previous<\/a>\n\t<\/li>\n\n\n       \n    \n\n<li><a href='?page_no=1'>1<\/a><\/li>\n\n\n\n<li><a href='?page_no=2'>2<\/a><\/li>\n\n\n\n<li><a>...<\/a><\/li>\n\n\n\n<li><a href='?page_no=14715'>14715<\/a><\/li>\n\n\n\n<li><a href='?page_no=14716'>14716<\/a><\/li>\n\n\n\n<li class='active'><a>14717<\/a><\/li>\n\n\n\n<li><a href='?page_no=14718'>14718<\/a><\/li>\n\n\n\n<li><a href='?page_no=14719'>14719<\/a><\/li>\n\n\n\n<li><a>...<\/a><\/li>\n\n\n\n<li><a href='?page_no=36999'>36999<\/a><\/li>\n\n\n\n<li><a href='?page_no=37000'>37000<\/a><\/li>\n\n    \n\t\n\n<li >\n\t<a href='?page_no=14718'>Next<\/a>\n\t<\/li>\n\n\n    \n\n<li><a href='?page_no=37000'>Last &rsaquo;&rsaquo;<\/a><\/li>\n\n<\/ul>\n\n\n--><br \/>\n<\/body><\/p>\n","protected":false},"excerpt":{"rendered":"<p>Por Luis An\u00edbal Medrano S. New York, EEUU, 28 de agosto.- El aspirante a la posici\u00f3n de Asamble\u00edsta por el Distrito 86 de la ciudad de New York, H\u00e9ctor Ram\u00edrez, recibi\u00f3 un amplio respaldo de la coalici\u00f3n de taxistas de esta ciudad donde se aglutinaron l\u00edderes pol\u00edticos, comunitarios y empresariales que asistieron para expresarle su [&hellip;]<\/p>\n","protected":false},"author":3,"featured_media":0,"comment_status":"open","ping_status":"open","sticky":false,"template":"","format":"standard","meta":{"footnotes":""},"categories":[22],"tags":[],"class_list":["post-162297","post","type-post","status-publish","format-standard","hentry","category-politica"],"_links":{"self":[{"href":"https:\/\/diariodominicano.com\/index.php?rest_route=\/wp\/v2\/posts\/162297","targetHints":{"allow":["GET"]}}],"collection":[{"href":"https:\/\/diariodominicano.com\/index.php?rest_route=\/wp\/v2\/posts"}],"about":[{"href":"https:\/\/diariodominicano.com\/index.php?rest_route=\/wp\/v2\/types\/post"}],"author":[{"embeddable":true,"href":"https:\/\/diariodominicano.com\/index.php?rest_route=\/wp\/v2\/users\/3"}],"replies":[{"embeddable":true,"href":"https:\/\/diariodominicano.com\/index.php?rest_route=%2Fwp%2Fv2%2Fcomments&post=162297"}],"version-history":[{"count":0,"href":"https:\/\/diariodominicano.com\/index.php?rest_route=\/wp\/v2\/posts\/162297\/revisions"}],"wp:attachment":[{"href":"https:\/\/diariodominicano.com\/index.php?rest_route=%2Fwp%2Fv2%2Fmedia&parent=162297"}],"wp:term":[{"taxonomy":"category","embeddable":true,"href":"https:\/\/diariodominicano.com\/index.php?rest_route=%2Fwp%2Fv2%2Fcategories&post=162297"},{"taxonomy":"post_tag","embeddable":true,"href":"https:\/\/diariodominicano.com\/index.php?rest_route=%2Fwp%2Fv2%2Ftags&post=162297"}],"curies":[{"name":"wp","href":"https:\/\/api.w.org\/{rel}","templated":true}]}}