{"id":162296,"date":"2014-08-28T18:52:20","date_gmt":"2014-08-28T18:52:20","guid":{"rendered":"http:\/\/diariodominicano.ddns.net\/?p=162296"},"modified":"2014-08-28T18:52:20","modified_gmt":"2014-08-28T18:52:20","slug":"diputada-josefina-castillo-dice-pld-y-prd-utilizan-tacticas-dilatorias-para-evitar-avances-del-prm","status":"publish","type":"post","link":"https:\/\/diariodominicano.com\/?p=162296","title":{"rendered":"Diputada Josefina Castillo dice PLD y PRD utilizan t\u00e1cticas dilatorias para evitar avances del PRM"},"content":{"rendered":"<p><body><\/p>\n<p><span class=\"text1noticias\">Santo Domingo, RD, 28 de Agosto.-La diputada del Partido Revolucionario Mayoritario, Josefina Castillo, catalog\u00f3 de \u00abt\u00e1cticas dilatorias\u00bb la oposici\u00f3n que promueven el PRD y el PLD al objetar al  cambio de nombre que solicit\u00f3 la Alianza Social Dominicana (ASD) a la Junta Central Electoral por Partido Revolucionario Mayoritario (PRM).<\/span><\/p>\n<\/p>\n<p><span class=\"text1noticias\">\u00abCreo que las personas quienes tienen influencia en esos aspectos electorales deben pensar que no se puede estirar tanto la tuerca porque se puede correr la roca y hay que permitir que si nos dividi\u00f3 el PLD en la presencia de Leonel Fern\u00e1ndez Reyna y consiguieron lo que quer\u00edan, ahora tenemos que sentir ese sentimiento de pertenencia que caracteriza al ser humano y si nos quitan eso entonces ellos tendr\u00e1n que abocarse a las consecuencias\u00bb, expres\u00f3.<\/span><\/p>\n<\/p>\n<p><span class=\"text1noticias\">Resalt\u00f3 que el objetivo de Luis Abinader no es sacar a perredeistas para llevarlos a su partido como se ha pensado, \u00abes facilitar un espacio pol\u00edtico y democr\u00e1tico, donde ellos sientan que van a respetar sus derechos pol\u00edticos y personales, ya que no nacimos para quitar nada, todo lo contrario, a nosotros nos quitaron y nos sacaron de un padr\u00f3n\u00bb.<\/span><\/p>\n<p><span class=\"text1noticias\"> <\/span><\/p>\n<p><span class=\"text1noticias\">La diputada del municipio de Boca Chica expres\u00f3 estas consideraciones al ser entrevistada en el programa Pantalla Abierta que se transmite de lunes a viernes de 6:00 AM-9:AM por el canal 36,<\/span><\/p>\n<p><span class=\"text1noticias\">Conducido por el doctor Rafael Franco, los ingenieros Thom\u00e1s Hern\u00e1ndez Alberto, Johnny Marte y la Licenciada Sonia Tejada.<\/span><\/p>\n<p><span class=\"text1noticias\"> <\/span><\/p>\n<p><span class=\"text1noticias\">Sobre los problemas que aquejan a ese distrito dijo que ha existido una discriminaci\u00f3n hist\u00f3rica, ya que cuenta con un turismo de tercera categor\u00eda debido al auge de la prostituci\u00f3n y poco desarrollo econ\u00f3mico y laboral al entender que menos del 10% de los que laboran en el Aeropuerto Internacional de las Am\u00e9ricas son de Boca Chica.(HG)<\/span>.<\/p>\n<\/p>\n<h6> 2014-08-28 18:52:20 <\/h6>\n<p><!--\n<link rel=\"stylesheet\" href=\"css\/bootstrap.min.css\">\n\n\n<ul class=\"pagination\">\n\t    \n\t\n\n<li >\n\t<a href='?page_no=14715'>Previous<\/a>\n\t<\/li>\n\n\n       \n    \n\n<li><a href='?page_no=1'>1<\/a><\/li>\n\n\n\n<li><a href='?page_no=2'>2<\/a><\/li>\n\n\n\n<li><a>...<\/a><\/li>\n\n\n\n<li><a href='?page_no=14714'>14714<\/a><\/li>\n\n\n\n<li><a href='?page_no=14715'>14715<\/a><\/li>\n\n\n\n<li class='active'><a>14716<\/a><\/li>\n\n\n\n<li><a href='?page_no=14717'>14717<\/a><\/li>\n\n\n\n<li><a href='?page_no=14718'>14718<\/a><\/li>\n\n\n\n<li><a>...<\/a><\/li>\n\n\n\n<li><a href='?page_no=36999'>36999<\/a><\/li>\n\n\n\n<li><a href='?page_no=37000'>37000<\/a><\/li>\n\n    \n\t\n\n<li >\n\t<a href='?page_no=14717'>Next<\/a>\n\t<\/li>\n\n\n    \n\n<li><a href='?page_no=37000'>Last &rsaquo;&rsaquo;<\/a><\/li>\n\n<\/ul>\n\n\n--><br \/>\n<\/body><\/p>\n","protected":false},"excerpt":{"rendered":"<p>Santo Domingo, RD, 28 de Agosto.-La diputada del Partido Revolucionario Mayoritario, Josefina Castillo, catalog\u00f3 de \u00abt\u00e1cticas dilatorias\u00bb la oposici\u00f3n que promueven el PRD y el PLD al objetar al cambio de nombre que solicit\u00f3 la Alianza Social Dominicana (ASD) a la Junta Central Electoral por Partido Revolucionario Mayoritario (PRM). \u00abCreo que las personas quienes tienen [&hellip;]<\/p>\n","protected":false},"author":3,"featured_media":0,"comment_status":"open","ping_status":"open","sticky":false,"template":"","format":"standard","meta":{"footnotes":""},"categories":[22],"tags":[],"class_list":["post-162296","post","type-post","status-publish","format-standard","hentry","category-politica"],"_links":{"self":[{"href":"https:\/\/diariodominicano.com\/index.php?rest_route=\/wp\/v2\/posts\/162296","targetHints":{"allow":["GET"]}}],"collection":[{"href":"https:\/\/diariodominicano.com\/index.php?rest_route=\/wp\/v2\/posts"}],"about":[{"href":"https:\/\/diariodominicano.com\/index.php?rest_route=\/wp\/v2\/types\/post"}],"author":[{"embeddable":true,"href":"https:\/\/diariodominicano.com\/index.php?rest_route=\/wp\/v2\/users\/3"}],"replies":[{"embeddable":true,"href":"https:\/\/diariodominicano.com\/index.php?rest_route=%2Fwp%2Fv2%2Fcomments&post=162296"}],"version-history":[{"count":0,"href":"https:\/\/diariodominicano.com\/index.php?rest_route=\/wp\/v2\/posts\/162296\/revisions"}],"wp:attachment":[{"href":"https:\/\/diariodominicano.com\/index.php?rest_route=%2Fwp%2Fv2%2Fmedia&parent=162296"}],"wp:term":[{"taxonomy":"category","embeddable":true,"href":"https:\/\/diariodominicano.com\/index.php?rest_route=%2Fwp%2Fv2%2Fcategories&post=162296"},{"taxonomy":"post_tag","embeddable":true,"href":"https:\/\/diariodominicano.com\/index.php?rest_route=%2Fwp%2Fv2%2Ftags&post=162296"}],"curies":[{"name":"wp","href":"https:\/\/api.w.org\/{rel}","templated":true}]}}