{"id":162294,"date":"2014-08-28T19:22:15","date_gmt":"2014-08-28T19:22:15","guid":{"rendered":"http:\/\/diariodominicano.ddns.net\/?p=162294"},"modified":"2014-08-28T19:22:15","modified_gmt":"2014-08-28T19:22:15","slug":"senador-galan-afirma-que-la-delincuencia-ocupa-el-primer-lugar-en-provincia-san-cristobal","status":"publish","type":"post","link":"https:\/\/diariodominicano.com\/?p=162294","title":{"rendered":"&#13;&#13;Senador Gal\u00e1n afirma que la delincuencia ocupa el primer lugar en provincia San Crist\u00f3bal&#13;"},"content":{"rendered":"<p><body><\/p>\n<p><img decoding=\"async\" src=\"img3\/Senadorgalan.jpg\" \/>  <\/p>\n<p><span class=\"text1noticias\">SAN CRIST\u00d3BAL, RD, 28 de agosgo. -El Senador del  PLD (provincia San Crist\u00f3bal) Tommy Gal\u00e1n dijo que indudablemente la delincuencia ocupa el primer lugar en esa provincia, en especial en el municipio cabecera \u00abSan Crist\u00f3bal\u00bb.<\/span><\/p>\n<\/p>\n<p><span class=\"text1noticias\">Al hablar ante  el Procurador general de la Rep\u00fablica,  Francisco Dom\u00ednguez Brito, quien dio una conferencia sobre la delincuencia en el pa\u00eds, el legislador explic\u00f3 \u00abIndudablemente de acuerdo a los resultados de una encuesta y de la realidad del d\u00eda a d\u00eda, el problema de la delincuencia se\u00f1or Procurador est\u00e1 ocupando el segundo lugar en este municipio de San Crist\u00f3bal, en un porcentaje de un 25 por ciento, pero est\u00e1 ocupando el segundo lugar porque una  situaci\u00f3n excepcional, que est\u00e1 ocurriendo en este municipio, que tampoco vale la pena hablarlo aqu\u00ed\u00bb.<\/span><\/p>\n<\/p>\n<p><span class=\"text1noticias\">El senador Tommy Gal\u00e1n, se\u00f1alo que en San Crist\u00f3bal y todo el territorio nacional, la delincuencia ocupa el primer lugar.<\/span><\/p>\n<\/p>\n<p><span class=\"text1noticias\">\u00abY eso frente a esa situaci\u00f3n saludamos, felicitamos toda la acci\u00f3n toda oportunidad, toda acci\u00f3n, de construir espacio, escenario, dialogar, lo que debe ser el emporamiento de ciudadanos, que a diferencia de muchos pol\u00edticos, en el plano particular nuestro y de muchos, nos gusta sentir, lo que debe ser de la participaci\u00f3n de una sociedad que se apodero frente al problema del cumplimento y deber de cada quien\u00bb.<\/span><\/p>\n<\/p>\n<p><span class=\"text1noticias\">El legislador manifest\u00f3 que el tema de la delincuencia es muy complejo, porque es un problema integrar, en una mesa de cuatro patas, si alguna de ella falla, siempre vamos a tener dificulta, en aplicaci\u00f3n de pol\u00edtica publica, tendente a formar una efectiva seguridad ciudadana.<\/span><\/p>\n<\/p>\n<p><span class=\"text1noticias\">\u00abPor lado tenemos la pata que corresponde de los organismo de prevenci\u00f3n que luchan, por lado el poder judicial, que corresponde al ministerio publico, pero tambi\u00e9n hay otra pata que corresponde a la sociedad a la familia que les corresponde a la formaci\u00f3n de los j\u00f3venes, es que el futuro de la patria, de lo que si estoy bien claro, mientras en ese pa\u00eds, no tentamos la voluntad y la fuerza de desaparecer lo que es la inseguridad, que aqu\u00ed todo se puede y no hay consecuencia y responsabilidades, eso conspirar\u00eda gravemente contra la iniciativa, que yo desde el gobierno central se han estado planificando y desarrollando\u00bb, dijo el senador Gal\u00e1n.<\/span><\/p>\n<\/p>\n<p><span class=\"text1noticias\">Una encuesta de la firma \u00abMARKESTRAGIA\u00bb, se\u00f1ala que la problem\u00e1tica de recogida de basura ocupa el primer lugar, y pone de manifiesto que el 87 por ciento de la poblaci\u00f3n dice que el alcalde lo ha hecho mal, en  su gesti\u00f3n.<\/span><\/p>\n<\/p>\n<p><span class=\"text1noticias\">Adem\u00e1s, que la inseguridad ocupa el segundo lugar, donde los atracos, asaltos y robos, mantiene la poblaci\u00f3n en zozobrara.<\/span><\/p>\n<h6> 2014-08-28 19:22:15 <\/h6>\n<p><!--\n<link rel=\"stylesheet\" href=\"css\/bootstrap.min.css\">\n\n\n<ul class=\"pagination\">\n\t    \n\t\n\n<li >\n\t<a href='?page_no=14713'>Previous<\/a>\n\t<\/li>\n\n\n       \n    \n\n<li><a href='?page_no=1'>1<\/a><\/li>\n\n\n\n<li><a href='?page_no=2'>2<\/a><\/li>\n\n\n\n<li><a>...<\/a><\/li>\n\n\n\n<li><a href='?page_no=14712'>14712<\/a><\/li>\n\n\n\n<li><a href='?page_no=14713'>14713<\/a><\/li>\n\n\n\n<li class='active'><a>14714<\/a><\/li>\n\n\n\n<li><a href='?page_no=14715'>14715<\/a><\/li>\n\n\n\n<li><a href='?page_no=14716'>14716<\/a><\/li>\n\n\n\n<li><a>...<\/a><\/li>\n\n\n\n<li><a href='?page_no=36999'>36999<\/a><\/li>\n\n\n\n<li><a href='?page_no=37000'>37000<\/a><\/li>\n\n    \n\t\n\n<li >\n\t<a href='?page_no=14715'>Next<\/a>\n\t<\/li>\n\n\n    \n\n<li><a href='?page_no=37000'>Last &rsaquo;&rsaquo;<\/a><\/li>\n\n<\/ul>\n\n\n--><br \/>\n<\/body><\/p>\n","protected":false},"excerpt":{"rendered":"<p>SAN CRIST\u00d3BAL, RD, 28 de agosgo. -El Senador del PLD (provincia San Crist\u00f3bal) Tommy Gal\u00e1n dijo que indudablemente la delincuencia ocupa el primer lugar en esa provincia, en especial en el municipio cabecera \u00abSan Crist\u00f3bal\u00bb. Al hablar ante el Procurador general de la Rep\u00fablica, Francisco Dom\u00ednguez Brito, quien dio una conferencia sobre la delincuencia en [&hellip;]<\/p>\n","protected":false},"author":3,"featured_media":0,"comment_status":"open","ping_status":"open","sticky":false,"template":"","format":"standard","meta":{"footnotes":""},"categories":[22],"tags":[],"class_list":["post-162294","post","type-post","status-publish","format-standard","hentry","category-politica"],"_links":{"self":[{"href":"https:\/\/diariodominicano.com\/index.php?rest_route=\/wp\/v2\/posts\/162294","targetHints":{"allow":["GET"]}}],"collection":[{"href":"https:\/\/diariodominicano.com\/index.php?rest_route=\/wp\/v2\/posts"}],"about":[{"href":"https:\/\/diariodominicano.com\/index.php?rest_route=\/wp\/v2\/types\/post"}],"author":[{"embeddable":true,"href":"https:\/\/diariodominicano.com\/index.php?rest_route=\/wp\/v2\/users\/3"}],"replies":[{"embeddable":true,"href":"https:\/\/diariodominicano.com\/index.php?rest_route=%2Fwp%2Fv2%2Fcomments&post=162294"}],"version-history":[{"count":0,"href":"https:\/\/diariodominicano.com\/index.php?rest_route=\/wp\/v2\/posts\/162294\/revisions"}],"wp:attachment":[{"href":"https:\/\/diariodominicano.com\/index.php?rest_route=%2Fwp%2Fv2%2Fmedia&parent=162294"}],"wp:term":[{"taxonomy":"category","embeddable":true,"href":"https:\/\/diariodominicano.com\/index.php?rest_route=%2Fwp%2Fv2%2Fcategories&post=162294"},{"taxonomy":"post_tag","embeddable":true,"href":"https:\/\/diariodominicano.com\/index.php?rest_route=%2Fwp%2Fv2%2Ftags&post=162294"}],"curies":[{"name":"wp","href":"https:\/\/api.w.org\/{rel}","templated":true}]}}