{"id":162292,"date":"2014-08-29T04:51:39","date_gmt":"2014-08-29T04:51:39","guid":{"rendered":"http:\/\/diariodominicano.ddns.net\/?p=162292"},"modified":"2014-08-29T04:51:39","modified_gmt":"2014-08-29T04:51:39","slug":"reinaldo-pared-asegura-danilo-medina-auspiciara-alternabilidad","status":"publish","type":"post","link":"https:\/\/diariodominicano.com\/?p=162292","title":{"rendered":"Reinaldo Pared asegura Danilo Medina auspiciar\u00e1 alternabilidad"},"content":{"rendered":"<p><body><\/p>\n<p><img decoding=\"async\" src=\"img3\/JSR_6810.JPG\" \/>  <\/p>\n<p><span class=\"text1noticias\">La Vega, R. d., 29 de agosto.- El aspirante presidencial Reinaldo Pared P\u00e9rez calific\u00f3 al presidente Danilo Medina como un abanderado de la alternabilidad del poder, por lo que dijo estar seguro de que el mandatario seguir\u00e1 siendo coherente con sus ideales y dejar\u00e1 la primera magistratura del Estado en manos de otro compa\u00f1ero del Partido de la Liberaci\u00f3n Dominicana (PLD).<\/span><\/p>\n<p><span class=\"text1noticias\"> <\/span><\/p>\n<p><span class=\"text1noticias\">El doctor Pared P\u00e9rez emiti\u00f3 sus consideraciones al encabezar un concurrido encuentro con dirigentes pol\u00edticos, comerciantes, empresarios e industriales, realizado en la residencia del empresario ferretero y pol\u00edtico vegano, Andr\u00e9s Rodr\u00edguez Portorreal.<\/span><\/p>\n<p><span class=\"text1noticias\"> <\/span><\/p>\n<p><span class=\"text1noticias\">\u00abSi algo ha hecho el compa\u00f1ero Danilo Medina es ser un l\u00edder coherente, en sus hechos y sus acciones. Como l\u00edder pol\u00edtico, el compa\u00f1ero Danilo Medina es un hombre que siempre ha cre\u00eddo en la alternabilidad. Y Danilo Medina es fruto de la alternabilidad y estoy seguro de que, ahora, siendo Presidente de la Republica, el auspiciar\u00e1 la alternabilidad\u00bb, enfatiz\u00f3.<\/span><\/p>\n<p><span class=\"text1noticias\"> <\/span><\/p>\n<p><span class=\"text1noticias\">El secretario general del PLD visit\u00f3 esta ciudad acompa\u00f1ado de legisladores y altos dirigentes pelede\u00edstas, como el senador por la provincia Duarte, Am\u00edlcar Romero y los miembros del Comit\u00e9 Central Margarita Pimentel, Charlie N\u00fa\u00f1ez y Maribel Acosta.<\/span><\/p>\n<p><span class=\"text1noticias\"> <\/span><\/p>\n<p><span class=\"text1noticias\">A su llegada a la ciudad ol\u00edmpica recibi\u00f3 el respaldo de decenas de dirigentes del PLD encabezados por Bol\u00edvar Marte, miembro del CC, y el presidente del comit\u00e9 municipal, el ex diputado Rafael Alberto Reyes.<\/span><\/p>\n<p><span class=\"text1noticias\"> <\/span><\/p>\n<p><span class=\"text1noticias\">Pared P\u00e9rez visit\u00f3 la residencia de los esposos Bol\u00edvar Marte y Kenia de la Rosa, donde se reuni\u00f3 con el licenciado Braulio Espinal, el odont\u00f3logo Leandro D\u00edaz, Rafael Rodr\u00edguez, Meiky Regalado y Milagros Florencia, coordinadores de varios n\u00facleos sectoriales de La Vega que trabajan a favor de su candidatura presidencial.<\/span><\/p>\n<p><span class=\"text1noticias\"> <\/span><\/p>\n<p><span class=\"text1noticias\">Posteriormente, en la residencia del empresario ferretero Andr\u00e9s Rodr\u00edguez Portorreal, el doctor Pared fue recibido por representantes de diversos segmentos de la sociedad vegana que respaldan su candidatura presidencial.<\/span><\/p>\n<p><span class=\"text1noticias\"> <\/span><\/p>\n<p><span class=\"text1noticias\">En el lugar, el empresario Rodr\u00edguez Portorreal resalt\u00f3 las cualidades pol\u00edticas del doctor Pared P\u00e9rez y manifest\u00f3 que tanto \u00e9l, como sus familiares, amigos y seguidores, est\u00e1n conformando un frente para garantizar que el senador por el Distrito Nacional gane la Presidencia de la Rep\u00fablica.<\/span><\/p>\n<p><span class=\"text1noticias\"> <\/span><\/p>\n<p><span class=\"text1noticias\">Luego habl\u00f3 la presidenta del movimiento Fuerzas Vivas de La Vega (FUVEGA), licenciada Yaneth de la Cruz, quien identific\u00f3 al doctor Pared P\u00e9rez como uno de los pol\u00edticos m\u00e1s preparado del pa\u00eds y como el m\u00e1s capacitado para continuar la obra de Gobierno que realiza el presidente Medina.<\/span><\/p>\n<p><span class=\"text1noticias\"> <\/span><\/p>\n<p><span class=\"text1noticias\">Inmediatamente, el presidente del Polo Patri\u00f3tico Dominicano, Felvio Rodr\u00edguez, present\u00f3 al doctor Pared P\u00e9rez, y manifest\u00f3 que los gobiernos del PLD han mejorado muchas cosas, seguir\u00e1n mejorando otras y que, a partir del 16 de agosto del 2016, le tocar\u00e1 a Reinaldo completar esa obra de gobierno y ejecutar un programa que, seg\u00fan afirm\u00f3, har\u00e1 que el pueblo crea en la clase pol\u00edtica dominicana.<\/span><\/p>\n<p><span class=\"text1noticias\"> <\/span><\/p>\n<p><span class=\"text1noticias\">\u00abEl presidente Danilo Medina ha iniciado el rescate de la credibilidad de la clase pol\u00edtica y nosotros, cuando asumamos la direcci\u00f3n del Estado, seguiremos trillando esos caminos, pues la poblaci\u00f3n se ha puesto muy exigente, quiere transparencia, credibilidad y sacrificio\u00bb, expres\u00f3 Reinaldo, tras destacar que se siente muy optimista porque est\u00e1 seguro de que ganar\u00e1, primero a lo interno del partido y luego la elecciones  generales de mayo del 2016.<\/span><\/p>\n<p><span class=\"text1noticias\"> <\/span><\/p>\n<p><span class=\"text1noticias\">En la actividad fue notoria la presencia de varios j\u00f3venes empresarios y destacados profesionales, entre ellos Lorenzo Cruz y Ambiorix Duran, de Jarabacoa; Rafael Bello, Winston Rodr\u00edguez, Joselito Rodr\u00edguez y Yaneth Rodr\u00edguez, entre otras pers<\/span>onalidades.<\/p>\n<h6> 2014-08-29 04:51:39 <\/h6>\n<p><!--\n<link rel=\"stylesheet\" href=\"css\/bootstrap.min.css\">\n\n\n<ul class=\"pagination\">\n\t    \n\t\n\n<li >\n\t<a href='?page_no=14711'>Previous<\/a>\n\t<\/li>\n\n\n       \n    \n\n<li><a href='?page_no=1'>1<\/a><\/li>\n\n\n\n<li><a href='?page_no=2'>2<\/a><\/li>\n\n\n\n<li><a>...<\/a><\/li>\n\n\n\n<li><a href='?page_no=14710'>14710<\/a><\/li>\n\n\n\n<li><a href='?page_no=14711'>14711<\/a><\/li>\n\n\n\n<li class='active'><a>14712<\/a><\/li>\n\n\n\n<li><a href='?page_no=14713'>14713<\/a><\/li>\n\n\n\n<li><a href='?page_no=14714'>14714<\/a><\/li>\n\n\n\n<li><a>...<\/a><\/li>\n\n\n\n<li><a href='?page_no=36999'>36999<\/a><\/li>\n\n\n\n<li><a href='?page_no=37000'>37000<\/a><\/li>\n\n    \n\t\n\n<li >\n\t<a href='?page_no=14713'>Next<\/a>\n\t<\/li>\n\n\n    \n\n<li><a href='?page_no=37000'>Last &rsaquo;&rsaquo;<\/a><\/li>\n\n<\/ul>\n\n\n--><br \/>\n<\/body><\/p>\n","protected":false},"excerpt":{"rendered":"<p>La Vega, R. d., 29 de agosto.- El aspirante presidencial Reinaldo Pared P\u00e9rez calific\u00f3 al presidente Danilo Medina como un abanderado de la alternabilidad del poder, por lo que dijo estar seguro de que el mandatario seguir\u00e1 siendo coherente con sus ideales y dejar\u00e1 la primera magistratura del Estado en manos de otro compa\u00f1ero del [&hellip;]<\/p>\n","protected":false},"author":3,"featured_media":0,"comment_status":"open","ping_status":"open","sticky":false,"template":"","format":"standard","meta":{"footnotes":""},"categories":[22],"tags":[],"class_list":["post-162292","post","type-post","status-publish","format-standard","hentry","category-politica"],"_links":{"self":[{"href":"https:\/\/diariodominicano.com\/index.php?rest_route=\/wp\/v2\/posts\/162292","targetHints":{"allow":["GET"]}}],"collection":[{"href":"https:\/\/diariodominicano.com\/index.php?rest_route=\/wp\/v2\/posts"}],"about":[{"href":"https:\/\/diariodominicano.com\/index.php?rest_route=\/wp\/v2\/types\/post"}],"author":[{"embeddable":true,"href":"https:\/\/diariodominicano.com\/index.php?rest_route=\/wp\/v2\/users\/3"}],"replies":[{"embeddable":true,"href":"https:\/\/diariodominicano.com\/index.php?rest_route=%2Fwp%2Fv2%2Fcomments&post=162292"}],"version-history":[{"count":0,"href":"https:\/\/diariodominicano.com\/index.php?rest_route=\/wp\/v2\/posts\/162292\/revisions"}],"wp:attachment":[{"href":"https:\/\/diariodominicano.com\/index.php?rest_route=%2Fwp%2Fv2%2Fmedia&parent=162292"}],"wp:term":[{"taxonomy":"category","embeddable":true,"href":"https:\/\/diariodominicano.com\/index.php?rest_route=%2Fwp%2Fv2%2Fcategories&post=162292"},{"taxonomy":"post_tag","embeddable":true,"href":"https:\/\/diariodominicano.com\/index.php?rest_route=%2Fwp%2Fv2%2Ftags&post=162292"}],"curies":[{"name":"wp","href":"https:\/\/api.w.org\/{rel}","templated":true}]}}