{"id":162291,"date":"2014-08-29T15:40:10","date_gmt":"2014-08-29T15:40:10","guid":{"rendered":"http:\/\/diariodominicano.ddns.net\/?p=162291"},"modified":"2014-08-29T15:40:10","modified_gmt":"2014-08-29T15:40:10","slug":"finjus-detalla-que-ya-fueron-consensuados-los-temas-de-las-primarias-y-fiscalizacion-de-fondos","status":"publish","type":"post","link":"https:\/\/diariodominicano.com\/?p=162291","title":{"rendered":"Finjus detalla que ya fueron consensuados los temas de las primarias y fiscalizaci\u00f3n de fondos"},"content":{"rendered":"<p><body><\/p>\n<p><img decoding=\"async\" src=\"img3\/maldita 29.jpg\" \/>  <\/p>\n<p>Santo Domingo RD 29 agosto.- El proyecto de Ley de Partidos y Agrupaciones Pol\u00edticas ser\u00eda aprobado entre octubre y noviembre de este a\u00f1o, debido a que se han consensuando los temas m\u00e1s conflictivos.<\/p>\n<\/p>\n<p>El vicepresidente de la Fundaci\u00f3n Institucionalidad y Justicia (Finjus), Servio Tulio Casta\u00f1os, asegur\u00f3 que la Ley ya es una realidad, y que ya fue consensuada casi en su totalidad, en temas de la celebraci\u00f3n de las primarias de los partidos y lo relativo a la fiscalizaci\u00f3n de los fondos que reciben los partidos pol\u00edticos del sector privado.<\/p>\n<\/p>\n<p>Casta\u00f1os dijo que sobre ese proyecto se han reunido con el presidente del Partido de la Liberaci\u00f3n Dominicana (PLD), Leonel Fern\u00e1ndez, y el ex vicepresidente de la Rep\u00fablica, Rafael Aburquerque, quien coordina ese tema en esa organizaci\u00f3n.<\/p>\n<\/p>\n<p>Tambi\u00e9n inform\u00f3 que la semana pasada se reuni\u00f3 con el presidente de la Junta Central Electoral (JCE), Roberto Rosario, y \u00abllegamos a la conclusi\u00f3n de que tambi\u00e9n esa Ley se va a aprobar en octubre o en noviembre, \u00e9sa es una realidad\u00bb.<\/p>\n<\/p>\n<p>El jurista estim\u00f3 que la que se aprobar\u00e1 no ser\u00e1 la Ley ideal, pero va a ser \u00abla pol\u00edticamente posible\u00bb.<\/p>\n<\/p>\n<p>Resalt\u00f3 que los partidos definir\u00e1n su posici\u00f3n en lo relativo al financiamiento de los fondos del Estado.<\/p>\n<\/p>\n<p>Destac\u00f3 que en este consenso ha sido vital el papel jugado por el presidente de la JCE, Roberto Rosario.<\/p>\n<\/p>\n<p><strong>PNUD recuerda l\u00edmite<\/strong><\/p>\n<\/p>\n<p>Ayer, el representante del Programa de las Naciones Unidas Para el Desarrollo (PNUD), Lorenzo Jim\u00e9nez de Luis, record\u00f3 a los legisladores y los partidos que la Ley de Estrategia Nacional de Desarrollo establece \u00abtaxativamente que en el a\u00f1o 2015 tiene que haber una Ley de Partidos Pol\u00edticos y si es algo que est\u00e1 fijado y acogido por la ley lo \u00fanico que pretendemos es aportar nuestros conocimientos para que los que hacen la ley puedan valerse de ese apoyo que podamos brinda para que sea lo mejor, moderna y eficaz posible\u00bb.<\/p>\n<\/p>\n<p><strong>PLD debe revisarse<\/strong><\/p>\n<\/p>\n<p>El procurador General de la Rep\u00fablica y dirigente del PLD, Francisco Dom\u00ednguez Brito, consider\u00f3 que ya es tiempo de que se apruebe esta ley, no s\u00f3lo para regular el ejercicio de la actividad pol\u00edtica partidaria en sentido general, sino tambi\u00e9n el funcionamiento de los partidos y agrupaciones pol\u00edticas.<\/p>\n<\/p>\n<p>Dom\u00ednguez Brito entiende que el propio PLD necesita un proceso de reflexi\u00f3n sobre sus procesos internos, y que debe definir d\u00f3nde ir y c\u00f3mo fortalecer la democracia de la Rep\u00fablica Dominicana.<\/p>\n<\/p>\n<p>\u00abLos pol\u00edticos y los partidos est\u00e1n experimentando una erosi\u00f3n muy seria en su democracia interna. Hay mucha dificultad en el di\u00e1logo en la misma tolerancia a lo interno de los partidos\u00bb, precis\u00f3.<\/p>\n<\/p>\n<p>Consider\u00f3 que es el momento id\u00f3neo para reflexionar sobre lo que est\u00e1 sucediendo. \u00abAhora mismo, el mayor partido opositor tiene serios problemas de divisi\u00f3n interna\u00bb, indic\u00f3.<\/p>\n<p><strong> <\/strong><\/p>\n<p><strong>Las primarias<\/strong><\/p>\n<\/p>\n<p>Trascendi\u00f3 que ya habr\u00eda consenso en el Partido de la Liberaci\u00f3n Dominicana (PLD) y en el Revolucionario Dominicano (PRD) en lo relativo a que no se hagan primarias simult\u00e1neas para todos los partidos el mismo d\u00eda, ya que la Suprema Corte de Justicia declar\u00f3 inconstitucional el 16 de marzo de 2005 la Ley 268-04 que ordenaba esas primarias. La comisi\u00f3n que representa al PLD para las conversaciones la encabeza el ex vicepresidente Rafael Alburqueque, mientras que la del PRD la integran Salim Ibarra, el diputado V\u00edctor G\u00f3mez Casanova y el jurista Eduardo Jorge Prats.<\/p>\n<\/p>\n<\/p>\n<\/p>\n<h6> 2014-08-29 15:40:10 <\/h6>\n<p><!--\n<link rel=\"stylesheet\" href=\"css\/bootstrap.min.css\">\n\n\n<ul class=\"pagination\">\n\t    \n\t\n\n<li >\n\t<a href='?page_no=14710'>Previous<\/a>\n\t<\/li>\n\n\n       \n    \n\n<li><a href='?page_no=1'>1<\/a><\/li>\n\n\n\n<li><a href='?page_no=2'>2<\/a><\/li>\n\n\n\n<li><a>...<\/a><\/li>\n\n\n\n<li><a href='?page_no=14709'>14709<\/a><\/li>\n\n\n\n<li><a href='?page_no=14710'>14710<\/a><\/li>\n\n\n\n<li class='active'><a>14711<\/a><\/li>\n\n\n\n<li><a href='?page_no=14712'>14712<\/a><\/li>\n\n\n\n<li><a href='?page_no=14713'>14713<\/a><\/li>\n\n\n\n<li><a>...<\/a><\/li>\n\n\n\n<li><a href='?page_no=36999'>36999<\/a><\/li>\n\n\n\n<li><a href='?page_no=37000'>37000<\/a><\/li>\n\n    \n\t\n\n<li >\n\t<a href='?page_no=14712'>Next<\/a>\n\t<\/li>\n\n\n    \n\n<li><a href='?page_no=37000'>Last &rsaquo;&rsaquo;<\/a><\/li>\n\n<\/ul>\n\n\n--><br \/>\n<\/body><\/p>\n","protected":false},"excerpt":{"rendered":"<p>Santo Domingo RD 29 agosto.- El proyecto de Ley de Partidos y Agrupaciones Pol\u00edticas ser\u00eda aprobado entre octubre y noviembre de este a\u00f1o, debido a que se han consensuando los temas m\u00e1s conflictivos. El vicepresidente de la Fundaci\u00f3n Institucionalidad y Justicia (Finjus), Servio Tulio Casta\u00f1os, asegur\u00f3 que la Ley ya es una realidad, y que [&hellip;]<\/p>\n","protected":false},"author":3,"featured_media":0,"comment_status":"open","ping_status":"open","sticky":false,"template":"","format":"standard","meta":{"footnotes":""},"categories":[22],"tags":[],"class_list":["post-162291","post","type-post","status-publish","format-standard","hentry","category-politica"],"_links":{"self":[{"href":"https:\/\/diariodominicano.com\/index.php?rest_route=\/wp\/v2\/posts\/162291","targetHints":{"allow":["GET"]}}],"collection":[{"href":"https:\/\/diariodominicano.com\/index.php?rest_route=\/wp\/v2\/posts"}],"about":[{"href":"https:\/\/diariodominicano.com\/index.php?rest_route=\/wp\/v2\/types\/post"}],"author":[{"embeddable":true,"href":"https:\/\/diariodominicano.com\/index.php?rest_route=\/wp\/v2\/users\/3"}],"replies":[{"embeddable":true,"href":"https:\/\/diariodominicano.com\/index.php?rest_route=%2Fwp%2Fv2%2Fcomments&post=162291"}],"version-history":[{"count":0,"href":"https:\/\/diariodominicano.com\/index.php?rest_route=\/wp\/v2\/posts\/162291\/revisions"}],"wp:attachment":[{"href":"https:\/\/diariodominicano.com\/index.php?rest_route=%2Fwp%2Fv2%2Fmedia&parent=162291"}],"wp:term":[{"taxonomy":"category","embeddable":true,"href":"https:\/\/diariodominicano.com\/index.php?rest_route=%2Fwp%2Fv2%2Fcategories&post=162291"},{"taxonomy":"post_tag","embeddable":true,"href":"https:\/\/diariodominicano.com\/index.php?rest_route=%2Fwp%2Fv2%2Ftags&post=162291"}],"curies":[{"name":"wp","href":"https:\/\/api.w.org\/{rel}","templated":true}]}}