{"id":162288,"date":"2014-08-29T18:17:14","date_gmt":"2014-08-29T18:17:14","guid":{"rendered":"http:\/\/diariodominicano.ddns.net\/?p=162288"},"modified":"2014-08-29T18:17:14","modified_gmt":"2014-08-29T18:17:14","slug":"este-sabado-seminario-hacia-una-nueva-vision-de-la-formacion-politica-se-desarrollara-en-spm-2","status":"publish","type":"post","link":"https:\/\/diariodominicano.com\/?p=162288","title":{"rendered":"Este s\u00e1bado seminario \u00abHacia una Nueva Visi\u00f3n de la Formaci\u00f3n Pol\u00edtica\u00bb se desarrollar\u00e1 en SPM"},"content":{"rendered":"<p><body><\/p>\n<p><img decoding=\"async\" src=\"img3\/german 29.jpg\" \/>  <\/p>\n<p>Santo Domin go RD 29 agosto.- EL Partido de la Liberaci\u00f3n Dominicana (PLD), inform\u00f3 de  la continuaci\u00f3n de su  programa formativo, coordinado por la Secretar\u00eda de Formaci\u00f3n Pol\u00edtica que  este s\u00e1bado se efectuar\u00e1 en el Hotel Coopmarena de Juan Dolio, San Pedro de Macor\u00eds  para reunir a sus dirigentes de Romana, La Altagracia, Hato Mayor, San Pedro de Macor\u00eds y el Seibo, encuentro programado para las 2:30 PM.<\/p>\n<\/p>\n<p>Los programas formativos del PLD est\u00e1n  dirigidos a presidentes de Comit\u00e9s  Provinciales, Municipales de la regi\u00f3n, presidentes de  los Comit\u00e9s Intermedios; las y los miembros del Comit\u00e9 Central y titulares locales de Formaci\u00f3n Pol\u00edtica<\/p>\n<\/p>\n<p>El desarrollo de la entrega de este s\u00e1bado, como las anteriores versiones se realizar\u00e1   la Presentaci\u00f3n del Programa de Formaci\u00f3n Pol\u00edtica, se har\u00e1 un esbozo hist\u00f3rico del PLD, se desarrollar\u00e1 el tema de La Teor\u00eda Boschista y se presentar\u00e1n aspectos generales de la Declaraci\u00f3n de Principios del PLD, de \u00c9tica y Disciplina y de la Constituci\u00f3n de la Rep\u00fablica\u00bb, indica la nota remitida por la Secretar\u00eda de Comunicaciones morada.<\/p>\n<\/p>\n<p>La actividad de este s\u00e1bado 30 de agosto,  al igual que los anteriores, se transmiten en vivo por Internet y e  divulgan  a trav\u00e9s  de las redes sociales para de manera inmediata hacer llegar el programa de formaci\u00f3n pol\u00edtica y los nuevos contenidos b\u00e1sicos a la base del Partido.<\/p>\n<\/p>\n<p>Con estos seminarios  la Secretar\u00eda de Formaci\u00f3n Pol\u00edtica del PLD ha iniciado a aplicar  del VIII Congreso Ordinario Comandante Norge Botello, que ordena reforzar la formaci\u00f3n en pol\u00edtica de sus miembros y dirigentes.<\/p>\n<\/p>\n<p>Un parte a la prensa de la Secretaria de Comunicaciones del PLD informa de la transmisi\u00f3n en tiempo real en Internet por las direccioneswww.pldaldia.com y www.lagenteenlinea.com; por Twitter @FORMACIONPLD con el Hashtag#seminariosPLD; mientras que las informaciones, slides fotogr\u00e1ficos y videos podr\u00e1n tambi\u00e9n seguirse digitando formacionpoliticapld en Facebook y Youtube.<\/p>\n<h6> 2014-08-29 18:17:14 <\/h6>\n<p><!--\n<link rel=\"stylesheet\" href=\"css\/bootstrap.min.css\">\n\n\n<ul class=\"pagination\">\n\t    \n\t\n\n<li >\n\t<a href='?page_no=14708'>Previous<\/a>\n\t<\/li>\n\n\n       \n    \n\n<li><a href='?page_no=1'>1<\/a><\/li>\n\n\n\n<li><a href='?page_no=2'>2<\/a><\/li>\n\n\n\n<li><a>...<\/a><\/li>\n\n\n\n<li><a href='?page_no=14707'>14707<\/a><\/li>\n\n\n\n<li><a href='?page_no=14708'>14708<\/a><\/li>\n\n\n\n<li class='active'><a>14709<\/a><\/li>\n\n\n\n<li><a href='?page_no=14710'>14710<\/a><\/li>\n\n\n\n<li><a href='?page_no=14711'>14711<\/a><\/li>\n\n\n\n<li><a>...<\/a><\/li>\n\n\n\n<li><a href='?page_no=36999'>36999<\/a><\/li>\n\n\n\n<li><a href='?page_no=37000'>37000<\/a><\/li>\n\n    \n\t\n\n<li >\n\t<a href='?page_no=14710'>Next<\/a>\n\t<\/li>\n\n\n    \n\n<li><a href='?page_no=37000'>Last &rsaquo;&rsaquo;<\/a><\/li>\n\n<\/ul>\n\n\n--><br \/>\n<\/body><\/p>\n","protected":false},"excerpt":{"rendered":"<p>Santo Domin go RD 29 agosto.- EL Partido de la Liberaci\u00f3n Dominicana (PLD), inform\u00f3 de la continuaci\u00f3n de su programa formativo, coordinado por la Secretar\u00eda de Formaci\u00f3n Pol\u00edtica que este s\u00e1bado se efectuar\u00e1 en el Hotel Coopmarena de Juan Dolio, San Pedro de Macor\u00eds para reunir a sus dirigentes de Romana, La Altagracia, Hato Mayor, [&hellip;]<\/p>\n","protected":false},"author":3,"featured_media":0,"comment_status":"open","ping_status":"open","sticky":false,"template":"","format":"standard","meta":{"footnotes":""},"categories":[22],"tags":[],"class_list":["post-162288","post","type-post","status-publish","format-standard","hentry","category-politica"],"_links":{"self":[{"href":"https:\/\/diariodominicano.com\/index.php?rest_route=\/wp\/v2\/posts\/162288","targetHints":{"allow":["GET"]}}],"collection":[{"href":"https:\/\/diariodominicano.com\/index.php?rest_route=\/wp\/v2\/posts"}],"about":[{"href":"https:\/\/diariodominicano.com\/index.php?rest_route=\/wp\/v2\/types\/post"}],"author":[{"embeddable":true,"href":"https:\/\/diariodominicano.com\/index.php?rest_route=\/wp\/v2\/users\/3"}],"replies":[{"embeddable":true,"href":"https:\/\/diariodominicano.com\/index.php?rest_route=%2Fwp%2Fv2%2Fcomments&post=162288"}],"version-history":[{"count":0,"href":"https:\/\/diariodominicano.com\/index.php?rest_route=\/wp\/v2\/posts\/162288\/revisions"}],"wp:attachment":[{"href":"https:\/\/diariodominicano.com\/index.php?rest_route=%2Fwp%2Fv2%2Fmedia&parent=162288"}],"wp:term":[{"taxonomy":"category","embeddable":true,"href":"https:\/\/diariodominicano.com\/index.php?rest_route=%2Fwp%2Fv2%2Fcategories&post=162288"},{"taxonomy":"post_tag","embeddable":true,"href":"https:\/\/diariodominicano.com\/index.php?rest_route=%2Fwp%2Fv2%2Ftags&post=162288"}],"curies":[{"name":"wp","href":"https:\/\/api.w.org\/{rel}","templated":true}]}}