{"id":162287,"date":"2014-08-29T19:38:25","date_gmt":"2014-08-29T19:38:25","guid":{"rendered":"http:\/\/diariodominicano.ddns.net\/?p=162287"},"modified":"2014-08-29T19:38:25","modified_gmt":"2014-08-29T19:38:25","slug":"montas-activa-recorridos-este-fin-de-semana","status":"publish","type":"post","link":"https:\/\/diariodominicano.com\/?p=162287","title":{"rendered":"&#13;&#13;&#13;Mont\u00e1s activa recorridos este fin de semana"},"content":{"rendered":"<p><body><\/p>\n<p><img decoding=\"async\" src=\"img3\/temo.jpg\" \/>  <\/p>\n<\/p>\n<p><span class=\"text1noticias\">Santo Domingo, RD, 29  de agosto.- El aspirante presidencial del Partido de la Liberaci\u00f3n Dominicana (PLD), ingeniero Tem\u00edstocles Mont\u00e1s, participar\u00e1 este fin de semana en actos convocados por sus seguidores tanto en  Guananico, Puerto Plata en la regi\u00f3n Norte como en San Pedro de Macor\u00eds en la regi\u00f3n Este y Ban\u00ed en el Sur del pa\u00eds.<\/span><\/p>\n<\/p>\n<p><span class=\"text1noticias\">Este s\u00e1bado 30 de agosto Mont\u00e1s, quien es miembro del comit\u00e9 central y del comit\u00e9 pol\u00edtico del PLD, ser\u00e1 recibido por sus seguidores a las cuatro de la tarde en el municipio de Guananico de Puerto Plata.<\/span><\/p>\n<\/p>\n<p><span class=\"text1noticias\">Mientras que este domingo a las diez de la ma\u00f1ana Mont\u00e1s se trasladar\u00e1 a San Pedro de Macor\u00eds, convocado a un encuentro por sus seguidores y despu\u00e9s, a las cuatro de la tarde, se reunir\u00e1 en el Casino, en Ban\u00ed, como parte de su agenda proselitista.<\/span><\/p>\n<\/p>\n<p><span class=\"text1noticias\">Mont\u00e1s, miembro de los comit\u00e9s pol\u00edtico y central del PLD, desde que fuera fundado por el profesor Juan Bosch, mantiene un discurso reconocido por la poblaci\u00f3n como de esencia democr\u00e1tica por levantar sobre todo la alternancia en el ejercicio del poder.<\/span><\/p>\n<\/p>\n<p><span class=\"text1noticias\">Adem\u00e1s ha sido responsable de la elaboraci\u00f3n de los programas de gobierno que han permitido al PLD mantenerse en el poder por cuatro periodos de gobierno y aplicar pol\u00edticas sobre todo de equidad que ahora Mont\u00e1s promete ejecutar y profundizar.  <\/span><\/p>\n<h6> 2014-08-29 19:38:25 <\/h6>\n<p><!--\n<link rel=\"stylesheet\" href=\"css\/bootstrap.min.css\">\n\n\n<ul class=\"pagination\">\n\t    \n\t\n\n<li >\n\t<a href='?page_no=14707'>Previous<\/a>\n\t<\/li>\n\n\n       \n    \n\n<li><a href='?page_no=1'>1<\/a><\/li>\n\n\n\n<li><a href='?page_no=2'>2<\/a><\/li>\n\n\n\n<li><a>...<\/a><\/li>\n\n\n\n<li><a href='?page_no=14706'>14706<\/a><\/li>\n\n\n\n<li><a href='?page_no=14707'>14707<\/a><\/li>\n\n\n\n<li class='active'><a>14708<\/a><\/li>\n\n\n\n<li><a href='?page_no=14709'>14709<\/a><\/li>\n\n\n\n<li><a href='?page_no=14710'>14710<\/a><\/li>\n\n\n\n<li><a>...<\/a><\/li>\n\n\n\n<li><a href='?page_no=36999'>36999<\/a><\/li>\n\n\n\n<li><a href='?page_no=37000'>37000<\/a><\/li>\n\n    \n\t\n\n<li >\n\t<a href='?page_no=14709'>Next<\/a>\n\t<\/li>\n\n\n    \n\n<li><a href='?page_no=37000'>Last &rsaquo;&rsaquo;<\/a><\/li>\n\n<\/ul>\n\n\n--><br \/>\n<\/body><\/p>\n","protected":false},"excerpt":{"rendered":"<p>Santo Domingo, RD, 29 de agosto.- El aspirante presidencial del Partido de la Liberaci\u00f3n Dominicana (PLD), ingeniero Tem\u00edstocles Mont\u00e1s, participar\u00e1 este fin de semana en actos convocados por sus seguidores tanto en Guananico, Puerto Plata en la regi\u00f3n Norte como en San Pedro de Macor\u00eds en la regi\u00f3n Este y Ban\u00ed en el Sur del [&hellip;]<\/p>\n","protected":false},"author":3,"featured_media":0,"comment_status":"open","ping_status":"open","sticky":false,"template":"","format":"standard","meta":{"footnotes":""},"categories":[22],"tags":[],"class_list":["post-162287","post","type-post","status-publish","format-standard","hentry","category-politica"],"_links":{"self":[{"href":"https:\/\/diariodominicano.com\/index.php?rest_route=\/wp\/v2\/posts\/162287","targetHints":{"allow":["GET"]}}],"collection":[{"href":"https:\/\/diariodominicano.com\/index.php?rest_route=\/wp\/v2\/posts"}],"about":[{"href":"https:\/\/diariodominicano.com\/index.php?rest_route=\/wp\/v2\/types\/post"}],"author":[{"embeddable":true,"href":"https:\/\/diariodominicano.com\/index.php?rest_route=\/wp\/v2\/users\/3"}],"replies":[{"embeddable":true,"href":"https:\/\/diariodominicano.com\/index.php?rest_route=%2Fwp%2Fv2%2Fcomments&post=162287"}],"version-history":[{"count":0,"href":"https:\/\/diariodominicano.com\/index.php?rest_route=\/wp\/v2\/posts\/162287\/revisions"}],"wp:attachment":[{"href":"https:\/\/diariodominicano.com\/index.php?rest_route=%2Fwp%2Fv2%2Fmedia&parent=162287"}],"wp:term":[{"taxonomy":"category","embeddable":true,"href":"https:\/\/diariodominicano.com\/index.php?rest_route=%2Fwp%2Fv2%2Fcategories&post=162287"},{"taxonomy":"post_tag","embeddable":true,"href":"https:\/\/diariodominicano.com\/index.php?rest_route=%2Fwp%2Fv2%2Ftags&post=162287"}],"curies":[{"name":"wp","href":"https:\/\/api.w.org\/{rel}","templated":true}]}}