{"id":162286,"date":"2014-08-29T21:38:01","date_gmt":"2014-08-29T21:38:01","guid":{"rendered":"http:\/\/diariodominicano.ddns.net\/?p=162286"},"modified":"2014-08-29T21:38:01","modified_gmt":"2014-08-29T21:38:01","slug":"quique-antun-viaja-a-panama-a-la-asamblea-de-union-de-partidos-latinoamericanos","status":"publish","type":"post","link":"https:\/\/diariodominicano.com\/?p=162286","title":{"rendered":"Quique Ant\u00fan viaja a Panam\u00e1 a la Asamblea de Uni\u00f3n de Partidos Latinoamericanos"},"content":{"rendered":"<p><body><\/p>\n<p><img decoding=\"async\" src=\"img3\/quique.jpg\" \/>  <\/p>\n<p><span class=\"text1noticias\">Santo domingo, R. D., 29 de agosto.- El Presidente del Partido Reformista Social Cristiano (PRSC), ingeniero Federico  Ant\u00fan Batlle, (Quique) viaj\u00f3 a Panam\u00e1,  donde agotar\u00e1 una apretada agenda pol\u00edtica con militantes y dirigentes de esa agrupaci\u00f3n, e igualmente participar\u00e1 en la Asamblea de la Uni\u00f3n de Partidos Latinoamericanos (UPLA), organizaci\u00f3n regional de la Uni\u00f3n International Dem\u00f3crata que aglutina a los partidos conservadores,  democristianos y centristas.<\/span><\/p>\n<p><span class=\"text1noticias\"> <\/span><\/p>\n<p><span class=\"text1noticias\">Este evento tendr\u00e1 como anfitri\u00f3n al reci\u00e9n electo presidente de Panam\u00e1, doctor Juan Carlos Valera, quien tiene previsto dictar una conferencia sobre el pasado y presente de ese hermano pa\u00eds.<\/span><\/p>\n<p><span class=\"text1noticias\"> <\/span><\/p>\n<p><span class=\"text1noticias\">El Partido Paname\u00f1ista, del cual Valera es su presidente y l\u00edder, es un aliado del PRSC en la Uni\u00f3n de Partidos Latinoamericanos.<\/span><\/p>\n<p><span class=\"text1noticias\"> <\/span><\/p>\n<p><span class=\"text1noticias\">A este encuentro est\u00e1 prevista la presencia de los ex presidentes Armando Calder\u00f3n y Andr\u00e9s Pastrana, de El Salvador y Colombia, respectivamente, as\u00ed como el ex canciller de Chile, Alfredo Moreno, junto con los presidentes de los partidos miembros de la UPLA. A esta organizaci\u00f3n internacional pertenece el PRSC desde su fundaci\u00f3n en el a\u00f1o 1992.<\/span><\/p>\n<p><span class=\"text1noticias\"> <\/span><\/p>\n<p><span class=\"text1noticias\">El ingeniero Ant\u00fan Batlle va a reiterar la invitaci\u00f3n del PRSC, para que en el mes de septiembre pr\u00f3ximo, la Rep\u00fablica Dominicana sea la sede del V Encuentro de Presidentes de Juventudes de la UPLA, evento que se llevar\u00e1 a cabo luego de que sean escogidos los nuevos dirigentes de la Juventud Reformista Social Cristiana (JRSC).<\/span><\/p>\n<p><span class=\"text1noticias\"> <\/span><\/p>\n<p><span class=\"text1noticias\">Se inform\u00f3 que en el orden partidario, el presidente del PRSC dejar\u00e1 formada la Comisi\u00f3n de Reorganizaci\u00f3n de la Filial del PRSC en Panam\u00e1, la cual tendr\u00e1 la misi\u00f3n de dirigir las acciones org\u00e1nicas para reorganizar el reformismo en esa naci\u00f3n centroamericana.<\/span><\/p>\n<p><span class=\"text1noticias\"> <\/span><\/p>\n<p><span class=\"text1noticias\">Ant\u00f9n Batlle viaj\u00f3 junto al secretario de Ultramar del PRSC, Domingo Pl\u00e1cido; el vicepresidente de Ultramar Jos\u00e9 Tatis, as\u00ed como del sub-secretario de Relaciones Internacionales, Jatzel <\/span>Rom\u00e1n.<\/p>\n<h6> 2014-08-29 21:38:01 <\/h6>\n<p><!--\n<link rel=\"stylesheet\" href=\"css\/bootstrap.min.css\">\n\n\n<ul class=\"pagination\">\n\t    \n\t\n\n<li >\n\t<a href='?page_no=14706'>Previous<\/a>\n\t<\/li>\n\n\n       \n    \n\n<li><a href='?page_no=1'>1<\/a><\/li>\n\n\n\n<li><a href='?page_no=2'>2<\/a><\/li>\n\n\n\n<li><a>...<\/a><\/li>\n\n\n\n<li><a href='?page_no=14705'>14705<\/a><\/li>\n\n\n\n<li><a href='?page_no=14706'>14706<\/a><\/li>\n\n\n\n<li class='active'><a>14707<\/a><\/li>\n\n\n\n<li><a href='?page_no=14708'>14708<\/a><\/li>\n\n\n\n<li><a href='?page_no=14709'>14709<\/a><\/li>\n\n\n\n<li><a>...<\/a><\/li>\n\n\n\n<li><a href='?page_no=36999'>36999<\/a><\/li>\n\n\n\n<li><a href='?page_no=37000'>37000<\/a><\/li>\n\n    \n\t\n\n<li >\n\t<a href='?page_no=14708'>Next<\/a>\n\t<\/li>\n\n\n    \n\n<li><a href='?page_no=37000'>Last &rsaquo;&rsaquo;<\/a><\/li>\n\n<\/ul>\n\n\n--><br \/>\n<\/body><\/p>\n","protected":false},"excerpt":{"rendered":"<p>Santo domingo, R. D., 29 de agosto.- El Presidente del Partido Reformista Social Cristiano (PRSC), ingeniero Federico Ant\u00fan Batlle, (Quique) viaj\u00f3 a Panam\u00e1, donde agotar\u00e1 una apretada agenda pol\u00edtica con militantes y dirigentes de esa agrupaci\u00f3n, e igualmente participar\u00e1 en la Asamblea de la Uni\u00f3n de Partidos Latinoamericanos (UPLA), organizaci\u00f3n regional de la Uni\u00f3n International [&hellip;]<\/p>\n","protected":false},"author":3,"featured_media":0,"comment_status":"open","ping_status":"open","sticky":false,"template":"","format":"standard","meta":{"footnotes":""},"categories":[22],"tags":[],"class_list":["post-162286","post","type-post","status-publish","format-standard","hentry","category-politica"],"_links":{"self":[{"href":"https:\/\/diariodominicano.com\/index.php?rest_route=\/wp\/v2\/posts\/162286","targetHints":{"allow":["GET"]}}],"collection":[{"href":"https:\/\/diariodominicano.com\/index.php?rest_route=\/wp\/v2\/posts"}],"about":[{"href":"https:\/\/diariodominicano.com\/index.php?rest_route=\/wp\/v2\/types\/post"}],"author":[{"embeddable":true,"href":"https:\/\/diariodominicano.com\/index.php?rest_route=\/wp\/v2\/users\/3"}],"replies":[{"embeddable":true,"href":"https:\/\/diariodominicano.com\/index.php?rest_route=%2Fwp%2Fv2%2Fcomments&post=162286"}],"version-history":[{"count":0,"href":"https:\/\/diariodominicano.com\/index.php?rest_route=\/wp\/v2\/posts\/162286\/revisions"}],"wp:attachment":[{"href":"https:\/\/diariodominicano.com\/index.php?rest_route=%2Fwp%2Fv2%2Fmedia&parent=162286"}],"wp:term":[{"taxonomy":"category","embeddable":true,"href":"https:\/\/diariodominicano.com\/index.php?rest_route=%2Fwp%2Fv2%2Fcategories&post=162286"},{"taxonomy":"post_tag","embeddable":true,"href":"https:\/\/diariodominicano.com\/index.php?rest_route=%2Fwp%2Fv2%2Ftags&post=162286"}],"curies":[{"name":"wp","href":"https:\/\/api.w.org\/{rel}","templated":true}]}}