{"id":162283,"date":"2014-08-30T19:49:06","date_gmt":"2014-08-30T19:49:06","guid":{"rendered":"http:\/\/diariodominicano.ddns.net\/?p=162283"},"modified":"2014-08-30T19:49:06","modified_gmt":"2014-08-30T19:49:06","slug":"quique-antun-se-reune-con-el-presidente-del-partido-popular-de-panama","status":"publish","type":"post","link":"https:\/\/diariodominicano.com\/?p=162283","title":{"rendered":"Quique Ant\u00fan se re\u00fane con el presidente del Partido Popular de Panam\u00e1"},"content":{"rendered":"<p><body><\/p>\n<p><img decoding=\"async\" src=\"img3\/quique.jpg\" \/>  <\/p>\n<p><span class=\"text1noticias\">CIUDAD DE PANAM\u00c1, Panam\u00e1, 30 de Agosto.-El presidente del Partido Reformista Social Cristiano (PRSC), ingeniero Federico Ant\u00fan Batlle (Quique), se reuni\u00f3 aqu\u00ed con el l\u00edder del Partido Popular de Panam\u00e1 y ministro de Gobierno, Milton Henr\u00edquez, donde analizaron diferentes temas de inter\u00e9s para ambas organizaciones.<\/span><\/p>\n<\/p>\n<p><span class=\"text1noticias\">El encuentro entre ambos l\u00edderes se produjo en el marco de un desayuno, en el cual trataron temas pol\u00edticos, econ\u00f3micos y sociales que conciernen a Panam\u00e1 y Rep\u00fablica Dominicana, a prop\u00f3sito los v\u00ednculos que mantienen ambas organizaciones desde hace mucho tiempo a trav\u00e9s de la Organizaci\u00f3n Dem\u00f3crata Cristiana de Am\u00e9rica (ODCA).<\/span><\/p>\n<\/p>\n<p><span class=\"text1noticias\">El Partido Popular (PP) de Panam\u00e1, que particip\u00f3 aliado al Partido Paname\u00f1ista (PAN) que gan\u00f3 las elecciones generales de este a\u00f1o, y el Partido Reformista Social Cristiano son dos organizaciones tendencia dem\u00f3crata cristiana.<\/span><\/p>\n<\/p>\n<p><span class=\"text1noticias\">Igualmente, el PP y el PRSC son miembros desde hace d\u00e9cadas de la Organizaci\u00f3n Dem\u00f3crata Cristiana de Am\u00e9rica (ODCA) y de la Internacional Dem\u00f3crata de Centro, antes conocida como Internacional Dem\u00f3crata Cristiana (IDC).<\/span><\/p>\n<\/p>\n<p><span class=\"text1noticias\">En el encuentro, el ingeniero Quique Ant\u00fan le habl\u00f3 al presidente del Partido Popular del trabajo que viene realizando el nuevo reformismo con miras a su fortalecimiento y del paso trascendental que ha dado de su independencia pol\u00edtica.<\/span><\/p>\n<\/p>\n<p><span class=\"text1noticias\">Se recuerda, que el presidente del Partido Reformista viaj\u00f3 a Panam\u00e1 el pasado jueves para participar en la Asamblea de la Uni\u00f3n de Partidos Latinoamericanos (UPLA) y sostener encuentros con la dirigencia de la filial del PRSC en esa naci\u00f3n, as\u00ed como reuniones con l\u00edderes de partidos aliados que participan en el evento internacional.<\/span><\/p>\n<\/p>\n<p><span class=\"text1noticias\">Este evento tiene como anfitri\u00f3n al reci\u00e9n electo presidente de Panam\u00e1, doctor Juan Carlos Valera, quien tiene previsto dictar una conferencia sobre el pasado y presente de ese hermano pa\u00eds.<\/span><\/p>\n<p><span class=\"text1noticias\">El Partido Paname\u00f1ista, del cual Valera es su presidente y l\u00edder, es un aliado del PRSC en la Uni\u00f3n de Partidos Latinoamericanos.<\/span><\/p>\n<\/p>\n<p><span class=\"text1noticias\">A este encuentro est\u00e1 prevista la presencia de los ex presidentes Armando Calder\u00f3n y Andr\u00e9s Pastrana, de El Salvador y Colombia, respectivamente, as\u00ed como el ex canciller de Chile, Alfredo Moreno, junto con los presidentes de los partidos miembros de la UPLA. A esta organizaci\u00f3n internacional pertenece el PRSC desde su fundaci\u00f3n en el a\u00f1o 1992.<\/span><\/p>\n<\/p>\n<p><span class=\"text1noticias\">Ant\u00f9n Batlle viaj\u00f3 junto al secretario de Ultramar del PRSC, Domingo Pl\u00e1cido; el vicepresidente de Ultramar Jos\u00e9 Tatis, as\u00ed como del sub-secretario de Relaciones Internacionales, Jatzel Rom\u00e1n.(HG)<\/span>.<\/p>\n<h6> 2014-08-30 19:49:06 <\/h6>\n<p><!--\n<link rel=\"stylesheet\" href=\"css\/bootstrap.min.css\">\n\n\n<ul class=\"pagination\">\n\t    \n\t\n\n<li >\n\t<a href='?page_no=14703'>Previous<\/a>\n\t<\/li>\n\n\n       \n    \n\n<li><a href='?page_no=1'>1<\/a><\/li>\n\n\n\n<li><a href='?page_no=2'>2<\/a><\/li>\n\n\n\n<li><a>...<\/a><\/li>\n\n\n\n<li><a href='?page_no=14702'>14702<\/a><\/li>\n\n\n\n<li><a href='?page_no=14703'>14703<\/a><\/li>\n\n\n\n<li class='active'><a>14704<\/a><\/li>\n\n\n\n<li><a href='?page_no=14705'>14705<\/a><\/li>\n\n\n\n<li><a href='?page_no=14706'>14706<\/a><\/li>\n\n\n\n<li><a>...<\/a><\/li>\n\n\n\n<li><a href='?page_no=36999'>36999<\/a><\/li>\n\n\n\n<li><a href='?page_no=37000'>37000<\/a><\/li>\n\n    \n\t\n\n<li >\n\t<a href='?page_no=14705'>Next<\/a>\n\t<\/li>\n\n\n    \n\n<li><a href='?page_no=37000'>Last &rsaquo;&rsaquo;<\/a><\/li>\n\n<\/ul>\n\n\n--><br \/>\n<\/body><\/p>\n","protected":false},"excerpt":{"rendered":"<p>CIUDAD DE PANAM\u00c1, Panam\u00e1, 30 de Agosto.-El presidente del Partido Reformista Social Cristiano (PRSC), ingeniero Federico Ant\u00fan Batlle (Quique), se reuni\u00f3 aqu\u00ed con el l\u00edder del Partido Popular de Panam\u00e1 y ministro de Gobierno, Milton Henr\u00edquez, donde analizaron diferentes temas de inter\u00e9s para ambas organizaciones. El encuentro entre ambos l\u00edderes se produjo en el marco [&hellip;]<\/p>\n","protected":false},"author":3,"featured_media":0,"comment_status":"open","ping_status":"open","sticky":false,"template":"","format":"standard","meta":{"footnotes":""},"categories":[22],"tags":[],"class_list":["post-162283","post","type-post","status-publish","format-standard","hentry","category-politica"],"_links":{"self":[{"href":"https:\/\/diariodominicano.com\/index.php?rest_route=\/wp\/v2\/posts\/162283","targetHints":{"allow":["GET"]}}],"collection":[{"href":"https:\/\/diariodominicano.com\/index.php?rest_route=\/wp\/v2\/posts"}],"about":[{"href":"https:\/\/diariodominicano.com\/index.php?rest_route=\/wp\/v2\/types\/post"}],"author":[{"embeddable":true,"href":"https:\/\/diariodominicano.com\/index.php?rest_route=\/wp\/v2\/users\/3"}],"replies":[{"embeddable":true,"href":"https:\/\/diariodominicano.com\/index.php?rest_route=%2Fwp%2Fv2%2Fcomments&post=162283"}],"version-history":[{"count":0,"href":"https:\/\/diariodominicano.com\/index.php?rest_route=\/wp\/v2\/posts\/162283\/revisions"}],"wp:attachment":[{"href":"https:\/\/diariodominicano.com\/index.php?rest_route=%2Fwp%2Fv2%2Fmedia&parent=162283"}],"wp:term":[{"taxonomy":"category","embeddable":true,"href":"https:\/\/diariodominicano.com\/index.php?rest_route=%2Fwp%2Fv2%2Fcategories&post=162283"},{"taxonomy":"post_tag","embeddable":true,"href":"https:\/\/diariodominicano.com\/index.php?rest_route=%2Fwp%2Fv2%2Ftags&post=162283"}],"curies":[{"name":"wp","href":"https:\/\/api.w.org\/{rel}","templated":true}]}}