{"id":162282,"date":"2014-08-31T03:09:28","date_gmt":"2014-08-31T03:09:28","guid":{"rendered":"http:\/\/diariodominicano.ddns.net\/?p=162282"},"modified":"2014-08-31T03:09:28","modified_gmt":"2014-08-31T03:09:28","slug":"pared-perez-dice-fortalecera-relaciones-partido-gobierno-para-que-se-desarrolle-el-liderazgo-politico","status":"publish","type":"post","link":"https:\/\/diariodominicano.com\/?p=162282","title":{"rendered":"Pared P\u00e9rez dice fortalecer\u00e1 relaciones partido-gobierno para que se desarrolle el liderazgo pol\u00edtico"},"content":{"rendered":"<p><body><\/p>\n<p><img decoding=\"async\" src=\"img3\/JSR_7583 (1).JPG\" \/>  <\/p>\n<p><span class=\"text1noticias\">Santo Domingo, R. D., 30 de agosto.- El aspirante presidencial Reinaldo Pared P\u00e9rez afirm\u00f3 que desde la Presidencia de la Rep\u00fablica fortalecer\u00e1 las relaciones partido-gobierno, debido a que es una f\u00f3rmula viable para que el liderazgo pol\u00edtico local se desarrolle y tenga una mayor confianza de la poblaci\u00f3n.<\/span><\/p>\n<p><span class=\"text1noticias\"> <\/span><\/p>\n<p><span class=\"text1noticias\">El doctor Pared P\u00e9rez, quien es un abanderado de la participaci\u00f3n del liderazgo provincial y municipal en la toma de decisiones en beneficios de las regiones y las comunidades, hizo el planteamiento ante miembros del Comit\u00e9 Central del Partido de la Liberaci\u00f3n Dominicana (PLD), presidentes de comit\u00e9s intermedios y dirigentes de base de esa organizaci\u00f3n pol\u00edtica durante una reuni\u00f3n realizada en la zona de Pantoja.<\/span><\/p>\n<p><span class=\"text1noticias\"> <\/span><\/p>\n<p><span class=\"text1noticias\">\u00abRestablecer y fortalecer las relaciones entre la dirigencia del partido  y el gobierno es una de mis principales prioridades y esto nos lleva a lograr que la militancia, que la poblaci\u00f3n, conf\u00ede m\u00e1s en sus dirigentes, porque ser\u00e1n protagonistas en  las soluciones de la problem\u00e1tica de las localidades\u00bb, dijo el doctor Pared P\u00e9rez.<\/span><\/p>\n<p><span class=\"text1noticias\"> <\/span><\/p>\n<p><span class=\"text1noticias\">Record\u00f3 que cuando el PLD alcanz\u00f3 la victoria electoral en el a\u00f1o 2004, el Comit\u00e9 Pol\u00edtico de esa entidad cre\u00f3 una comisi\u00f3n conformada por \u00e9l, Cristina Lizardo y Lidio Cadet, para manejar lo referente a los nombramientos en el Gobierno y que la designaci\u00f3n de esa comisi\u00f3n fue fundamental en el fortalecimiento de las relaciones entre el gobierno y el partido.<\/span><\/p>\n<p><span class=\"text1noticias\"> <\/span><\/p>\n<p><span class=\"text1noticias\">Sin embargo, dijo que esa pr\u00e1ctica fue descontinuada por lo que prometi\u00f3 retomarla a partir del 16 de agosto de 2016, al tiempo que se defini\u00f3  abanderado de la institucionalidad y defensor del liderazgo local.<\/span><\/p>\n<p><span class=\"text1noticias\"> <\/span><\/p>\n<p><span class=\"text1noticias\">El doctor Pared P\u00e9rez resalt\u00f3 la obra de Gobierno que ejecuta el  presidente Danilo Medina S\u00e1nchez y dijo que su estilo sencillo lo mantiene como uno de los gobernantes m\u00e1s destacados y de mayor arraigo y  popularidad en Am\u00e9rica y el mundo, lo que coloca al Partido de la Liberaci\u00f3n Dominicana en muy buena posici\u00f3n de cara a las elecci\u00f3n del 2016.<\/span><\/p>\n<p><span class=\"text1noticias\"> <\/span><\/p>\n<p><span class=\"text1noticias\">En su recorrido, el doctor Pared P\u00e9rez visit\u00f3 la residencia del diputado Jes\u00fas Mart\u00ednez (Yaco), donde  se reuni\u00f3 con el legislador y con miembros del Comit\u00e9 Central del PLD y los presidentes de comit\u00e9s intermedios, entre ellos Alfonso Soto, Lucrecio Polanco, Juan del Villar, Emiliano Cuello, Yiyo Veras, Dar\u00edo G\u00f3mez, Osiris Rosa, Juan Marte y Pared Guerrero.<\/span><\/p>\n<p><span class=\"text1noticias\"> <\/span><\/p>\n<p><span class=\"text1noticias\">De esa localidad, Pared P\u00e9rez y su  comitiva se trasladaron a Altos de Engombe, donde visitaron al diputado Frank Soto y su esposa, licenciada Ana Mar\u00eda Pe\u00f1a, ambos miembros del Comit\u00e9 Central del PLD. En el encuentro participaron el gobernador de la provincia Santo Domingo, licenciado P\u00e9rez M\u00e9ndez, el l\u00edder comunitario Jos\u00e9 Soto, el l\u00edder juvenil Rub\u00e9n Aybar y otras personalidades.<\/span><\/p>\n<p><span class=\"text1noticias\"> <\/span><\/p>\n<p><span class=\"text1noticias\">Posteriormente,  el doctor Pared P\u00e9rez se traslad\u00f3 al residencial Italia, en Santo Domingo Este, donde visit\u00f3 al diputado Radham\u00e9s Fortuna, con quien intercambi\u00f3 impresiones y convers\u00f3 sobre su proyecto presidencial.<\/span><\/p>\n<p><span class=\"text1noticias\"> <\/span><\/p>\n<p><span class=\"text1noticias\">Luego en la comunidad de Cancino, el aspirante presidencial visit\u00f3 la residencia del diputado Manuel Jim\u00e9nez, donde convers\u00f3 con  el legislador y varios dirigentes del PLD all\u00ed presentes. Durante la reuni\u00f3n el cantautor y dirigente pelede\u00edsta interpret\u00f3 varias canciones, algunas dedicadas al mentor y gu\u00eda del PLD, profesor Ju<\/span>an Bosch.<\/p>\n<h6> 2014-08-31 03:09:28 <\/h6>\n<p><!--\n<link rel=\"stylesheet\" href=\"css\/bootstrap.min.css\">\n\n\n<ul class=\"pagination\">\n\t    \n\t\n\n<li >\n\t<a href='?page_no=14702'>Previous<\/a>\n\t<\/li>\n\n\n       \n    \n\n<li><a href='?page_no=1'>1<\/a><\/li>\n\n\n\n<li><a href='?page_no=2'>2<\/a><\/li>\n\n\n\n<li><a>...<\/a><\/li>\n\n\n\n<li><a href='?page_no=14701'>14701<\/a><\/li>\n\n\n\n<li><a href='?page_no=14702'>14702<\/a><\/li>\n\n\n\n<li class='active'><a>14703<\/a><\/li>\n\n\n\n<li><a href='?page_no=14704'>14704<\/a><\/li>\n\n\n\n<li><a href='?page_no=14705'>14705<\/a><\/li>\n\n\n\n<li><a>...<\/a><\/li>\n\n\n\n<li><a href='?page_no=36999'>36999<\/a><\/li>\n\n\n\n<li><a href='?page_no=37000'>37000<\/a><\/li>\n\n    \n\t\n\n<li >\n\t<a href='?page_no=14704'>Next<\/a>\n\t<\/li>\n\n\n    \n\n<li><a href='?page_no=37000'>Last &rsaquo;&rsaquo;<\/a><\/li>\n\n<\/ul>\n\n\n--><br \/>\n<\/body><\/p>\n","protected":false},"excerpt":{"rendered":"<p>Santo Domingo, R. D., 30 de agosto.- El aspirante presidencial Reinaldo Pared P\u00e9rez afirm\u00f3 que desde la Presidencia de la Rep\u00fablica fortalecer\u00e1 las relaciones partido-gobierno, debido a que es una f\u00f3rmula viable para que el liderazgo pol\u00edtico local se desarrolle y tenga una mayor confianza de la poblaci\u00f3n. El doctor Pared P\u00e9rez, quien es un [&hellip;]<\/p>\n","protected":false},"author":3,"featured_media":0,"comment_status":"open","ping_status":"open","sticky":false,"template":"","format":"standard","meta":{"footnotes":""},"categories":[22],"tags":[],"class_list":["post-162282","post","type-post","status-publish","format-standard","hentry","category-politica"],"_links":{"self":[{"href":"https:\/\/diariodominicano.com\/index.php?rest_route=\/wp\/v2\/posts\/162282","targetHints":{"allow":["GET"]}}],"collection":[{"href":"https:\/\/diariodominicano.com\/index.php?rest_route=\/wp\/v2\/posts"}],"about":[{"href":"https:\/\/diariodominicano.com\/index.php?rest_route=\/wp\/v2\/types\/post"}],"author":[{"embeddable":true,"href":"https:\/\/diariodominicano.com\/index.php?rest_route=\/wp\/v2\/users\/3"}],"replies":[{"embeddable":true,"href":"https:\/\/diariodominicano.com\/index.php?rest_route=%2Fwp%2Fv2%2Fcomments&post=162282"}],"version-history":[{"count":0,"href":"https:\/\/diariodominicano.com\/index.php?rest_route=\/wp\/v2\/posts\/162282\/revisions"}],"wp:attachment":[{"href":"https:\/\/diariodominicano.com\/index.php?rest_route=%2Fwp%2Fv2%2Fmedia&parent=162282"}],"wp:term":[{"taxonomy":"category","embeddable":true,"href":"https:\/\/diariodominicano.com\/index.php?rest_route=%2Fwp%2Fv2%2Fcategories&post=162282"},{"taxonomy":"post_tag","embeddable":true,"href":"https:\/\/diariodominicano.com\/index.php?rest_route=%2Fwp%2Fv2%2Ftags&post=162282"}],"curies":[{"name":"wp","href":"https:\/\/api.w.org\/{rel}","templated":true}]}}