{"id":162281,"date":"2014-08-31T14:05:20","date_gmt":"2014-08-31T14:05:20","guid":{"rendered":"http:\/\/diariodominicano.ddns.net\/?p=162281"},"modified":"2014-08-31T14:05:20","modified_gmt":"2014-08-31T14:05:20","slug":"alejandrina-german-repensar-a-juan-bosch-facilita-entender-problemas-politicos-actuales","status":"publish","type":"post","link":"https:\/\/diariodominicano.com\/?p=162281","title":{"rendered":"Alejandrina Germ\u00e1n: Repensar a Juan Bosch facilita entender problemas pol\u00edticos actuales"},"content":{"rendered":"<p><body><\/p>\n<p><img decoding=\"async\" src=\"img3\/alejandra 31.jpg\" \/>  <\/p>\n<p>Santo Domingo RD 31 agosto.- El Partido de la Liberaci\u00f3n Dominicana (PLD) en su reci\u00e9n concluido VIII Congreso Ordinario Comandante Norge Botello, reflexiona sobre lo que el Profesor Juan Bosch ense\u00f1\u00f3. <\/p>\n<\/p>\n<p>La reflexi\u00f3n sobre estos conceptos la realiz\u00f3 Alejandrina Germ\u00e1n, integrante  del Comit\u00e9 Pol\u00edtico pelede\u00edta al introducir el seminario \u00abHacia una Nueva Visi\u00f3n de la Formaci\u00f3n Pol\u00edtica\u00bb que agot\u00f3 su ultima fase regional  con un encuentro  realizado la tarde del s\u00e1bado en San Pedro de Macor\u00eds. <\/p>\n<\/p>\n<p>\u00abEn los procesos hist\u00f3ricos que viven los pueblos, las circunstancias van cambiando, es por ello que se hace necesario reestudiar, releer, repensar, reflexionar sobre lo que el Profesor Juan Bosch nos ense\u00f1\u00f3\u00bb dijo Alejandrina Germ\u00e1n motivando al auditorio para estimular  la formaci\u00f3n  en pol\u00edtica de los miembros del PLD, tal y como se reclam\u00f3 en mayor\u00eda en el Congreso. <\/p>\n<\/p>\n<p>Germ\u00e1n explicand\u00f3 que ahora, en un partido masivo, se har\u00eda dif\u00edcil volver a la din\u00e1mica de los C\u00edrculos de Estudios, pero se recurrir\u00e1 a una estrategia de socializaci\u00f3n del conocimiento que permitir\u00e1  evaluar si  se domina  o no el contenido de los niveles en que se ha dividido el programa de educaci\u00f3n pol\u00edtica del PLD. <\/p>\n<\/p>\n<p>\u00abPretendemos que de verdad , miembros y dirigentes del Partido,  dominen los elementos conceptuales y asumir el boschismo como la teor\u00eda que orienta el Partido de la Liberaci\u00f3n Dominicana, para estar entonces en condiciones de,  no solo conocer el pasado o la realidad actual, tambi\u00e9n prever con mayores probabilidades lo que pudiera suceder  y prepararnos para ello\u00bb dijo Germ\u00e1n precisando que ella , conjuntamente con el equipo de la Secretar\u00eda de Formaci\u00f3n Pol\u00edtica,  trabajara venciendo los obst\u00e1culos para que se cumpla con el programa aprobado como requisito para ser dirigente del PLD. <\/p>\n<\/p>\n<p>Antes de presentar ese enfoque,  record\u00f3  que el Congreso Ordinario  aprob\u00f3 tres niveles de formaci\u00f3n pol\u00edtica, una B\u00e1sico, Medio y Superior que se exige su aprobaci\u00f3n para poder aspirar a ser dirigente medio, municipal, provincial  y tambi\u00e9n para aspirar a cargos electivos en los comicios nacionales. <\/p>\n<\/p>\n<p>En la mesa de directiva acompa\u00f1aron a Alejandrina Germ\u00e1n los dirigentes del PLD de las cinco provincias de la regi\u00f3n junto a los senadores que participaron Jos\u00e9 Mar\u00eda Sosa, Alcib\u00edades Tavarez, presidente de la provincia anfitriona  quien pronunci\u00f3 las palabras de bienvenida a los participantes, Enrique Mart\u00ednez, Gerardo Casanova, Jos\u00e9 Reyes, Amarilis Santana, Raul Costodio,  Lu\u00eds Rafael Cede\u00f1o, Guadalupe  J\u00e1quez , Rub\u00e9n Dario Cruz (Rub\u00e9n Toyota),  en el escenario congresistas y miembros del Comit\u00e9 Central entre ellos Ligia Amada Melo, titular de la Secretar\u00eda de Educaci\u00f3n en el PLD. <\/p>\n<\/p>\n<p>Las exposiciones del seminario,  que trataron los detalles del programa de formaci\u00f3n pol\u00edtica,  un esbozo hist\u00f3rico del PLD,  La Teor\u00eda Boschista y se presentar\u00e1n aspectos generales de la Declaraci\u00f3n de Principios del PLD, de \u00c9tica y Disciplina y de la Constituci\u00f3n de la Rep\u00fablica recayeron en  Mery Valerio, H\u00e9ctor Lu\u00eds Mart\u00ednez, Alejandrina Germ\u00e1n, Luis Garc\u00eda y Vernon Cabrera. <\/p>\n<\/p>\n<p>En la entrada junto al registro de asistencia se entreg\u00f3 a los participantes una carpeta conteniendo el programa de Formaci\u00f3n Pol\u00edtica y un libro con las conferencias y exposiciones de los temas desarrollados.<\/p>\n<\/p>\n<p>Presidentes Provinciales, Municipales, de Comit\u00e9s Intermedios y encargados de Formaci\u00f3n Pol\u00edtica  de esos organismos del Partido de la Liberaci\u00f3n Dominicana de las provincias  San Pedro de Macor\u00eds, La Romana, La Altagracia, Hato Mayor y El Seibo,  abarrotaron el sal\u00f3n principal del Hotel Coopmarena en Juan Dolio,  participando de este evento formativo, transmitido en l\u00ednea en los portales en Internet del PLD. <\/p>\n<\/p>\n<h6> 2014-08-31 14:05:20 <\/h6>\n<p><!--\n<link rel=\"stylesheet\" href=\"css\/bootstrap.min.css\">\n\n\n<ul class=\"pagination\">\n\t    \n\t\n\n<li >\n\t<a href='?page_no=14701'>Previous<\/a>\n\t<\/li>\n\n\n       \n    \n\n<li><a href='?page_no=1'>1<\/a><\/li>\n\n\n\n<li><a href='?page_no=2'>2<\/a><\/li>\n\n\n\n<li><a>...<\/a><\/li>\n\n\n\n<li><a href='?page_no=14700'>14700<\/a><\/li>\n\n\n\n<li><a href='?page_no=14701'>14701<\/a><\/li>\n\n\n\n<li class='active'><a>14702<\/a><\/li>\n\n\n\n<li><a href='?page_no=14703'>14703<\/a><\/li>\n\n\n\n<li><a href='?page_no=14704'>14704<\/a><\/li>\n\n\n\n<li><a>...<\/a><\/li>\n\n\n\n<li><a href='?page_no=36999'>36999<\/a><\/li>\n\n\n\n<li><a href='?page_no=37000'>37000<\/a><\/li>\n\n    \n\t\n\n<li >\n\t<a href='?page_no=14703'>Next<\/a>\n\t<\/li>\n\n\n    \n\n<li><a href='?page_no=37000'>Last &rsaquo;&rsaquo;<\/a><\/li>\n\n<\/ul>\n\n\n--><br \/>\n<\/body><\/p>\n","protected":false},"excerpt":{"rendered":"<p>Santo Domingo RD 31 agosto.- El Partido de la Liberaci\u00f3n Dominicana (PLD) en su reci\u00e9n concluido VIII Congreso Ordinario Comandante Norge Botello, reflexiona sobre lo que el Profesor Juan Bosch ense\u00f1\u00f3. La reflexi\u00f3n sobre estos conceptos la realiz\u00f3 Alejandrina Germ\u00e1n, integrante del Comit\u00e9 Pol\u00edtico pelede\u00edta al introducir el seminario \u00abHacia una Nueva Visi\u00f3n de la [&hellip;]<\/p>\n","protected":false},"author":3,"featured_media":0,"comment_status":"open","ping_status":"open","sticky":false,"template":"","format":"standard","meta":{"footnotes":""},"categories":[22],"tags":[],"class_list":["post-162281","post","type-post","status-publish","format-standard","hentry","category-politica"],"_links":{"self":[{"href":"https:\/\/diariodominicano.com\/index.php?rest_route=\/wp\/v2\/posts\/162281","targetHints":{"allow":["GET"]}}],"collection":[{"href":"https:\/\/diariodominicano.com\/index.php?rest_route=\/wp\/v2\/posts"}],"about":[{"href":"https:\/\/diariodominicano.com\/index.php?rest_route=\/wp\/v2\/types\/post"}],"author":[{"embeddable":true,"href":"https:\/\/diariodominicano.com\/index.php?rest_route=\/wp\/v2\/users\/3"}],"replies":[{"embeddable":true,"href":"https:\/\/diariodominicano.com\/index.php?rest_route=%2Fwp%2Fv2%2Fcomments&post=162281"}],"version-history":[{"count":0,"href":"https:\/\/diariodominicano.com\/index.php?rest_route=\/wp\/v2\/posts\/162281\/revisions"}],"wp:attachment":[{"href":"https:\/\/diariodominicano.com\/index.php?rest_route=%2Fwp%2Fv2%2Fmedia&parent=162281"}],"wp:term":[{"taxonomy":"category","embeddable":true,"href":"https:\/\/diariodominicano.com\/index.php?rest_route=%2Fwp%2Fv2%2Fcategories&post=162281"},{"taxonomy":"post_tag","embeddable":true,"href":"https:\/\/diariodominicano.com\/index.php?rest_route=%2Fwp%2Fv2%2Ftags&post=162281"}],"curies":[{"name":"wp","href":"https:\/\/api.w.org\/{rel}","templated":true}]}}