{"id":162276,"date":"2014-08-31T14:48:14","date_gmt":"2014-08-31T14:48:14","guid":{"rendered":"http:\/\/diariodominicano.ddns.net\/?p=162276"},"modified":"2014-08-31T14:48:14","modified_gmt":"2014-08-31T14:48:14","slug":"pide-al-presidente-dm-promulgar-ley-que-convierte-a-loma-miranda-en-parque-nacional","status":"publish","type":"post","link":"https:\/\/diariodominicano.com\/?p=162276","title":{"rendered":"Pide al Presidente DM promulgar Ley que convierte a Loma Miranda en Parque Nacional"},"content":{"rendered":"<p><body><\/p>\n<p><img decoding=\"async\" src=\"img3\/Ramon.jpg\" \/>  <\/p>\n<p><span class=\"text1noticias\">Santo Domingo, RD, 31 de Agosto.-El vocero de los diputados del Partido Reformista Social Cristiano,  PRSC, pidi\u00f3 al Presidente Danilo Medina promulgar sin mayores dilaciones la Ley que convierte a Loma Miranda en Parque Nacional y as\u00ed devolverle la categor\u00eda de \u00e1rea protegida que mediante decreto Balaguer le hab\u00eda dado a esa zona.<\/span><\/p>\n<\/p>\n<p><span class=\"text1noticias\">El ingeniero Ram\u00f3n Rogelio Genao asegur\u00f3 que al hacerlo le devuelve la condici\u00f3n de \u00e1rea protegida que hab\u00eda decretado Balaguer y que err\u00f3neamente  dej\u00f3 sin efecto la \u00faltima administraci\u00f3n Perrede\u00edsta. <\/span><\/p>\n<\/p>\n<p><span class=\"text1noticias\">\u00abEl Presidente Medina debe promulgar de inmediato esa ley pa\u00eds, que es m\u00e1s que un producto del Congreso un ejercicio de control social del soberano pueblo Dominicano en la seguridad de que la misma se ajusta a nuestro ordenamiento jur\u00eddico y no afecta ning\u00fan derecho adquirido de ning\u00fan inter\u00e9s nacional o extranjero.\u00bb<\/span><\/p>\n<\/p>\n<p><span class=\"text1noticias\">Genao indic\u00f3 que la Constituci\u00f3n dominicana y la Ley 64-00 son claras, la primera establece que los subsuelo son propiedad del Estado y la otra que es obligatorio la obtenci\u00f3n de una licencia ambiental para poder explotar una mina. <\/span><\/p>\n<\/p>\n<p><span class=\"text1noticias\">\u00abEl PRSC est\u00e1 opuesto adem\u00e1s rotundamente a que se instale un aserradero en Valle Nuevo para aprovechar los \u00e1rboles muertos en el incendio, eso ser\u00eda un precedente nefasto, el Presidente debe instruir a Medioambiente que desista de tales planes.\u00bb<\/span><\/p>\n<\/p>\n<p><span class=\"text1noticias\">El Secretario General Reformista expres\u00f3 que el nuevo PRSC es el partido verde de la Rep\u00fablica Dominicana y que luchar\u00e1 junto al pueblo dominicano por la defensa del ambiente.(HG)<\/span>.<\/p>\n<\/p>\n<h6> 2014-08-31 14:48:14 <\/h6>\n<p><!--\n<link rel=\"stylesheet\" href=\"css\/bootstrap.min.css\">\n\n\n<ul class=\"pagination\">\n\t    \n\t\n\n<li >\n\t<a href='?page_no=14698'>Previous<\/a>\n\t<\/li>\n\n\n       \n    \n\n<li><a href='?page_no=1'>1<\/a><\/li>\n\n\n\n<li><a href='?page_no=2'>2<\/a><\/li>\n\n\n\n<li><a>...<\/a><\/li>\n\n\n\n<li><a href='?page_no=14697'>14697<\/a><\/li>\n\n\n\n<li><a href='?page_no=14698'>14698<\/a><\/li>\n\n\n\n<li class='active'><a>14699<\/a><\/li>\n\n\n\n<li><a href='?page_no=14700'>14700<\/a><\/li>\n\n\n\n<li><a href='?page_no=14701'>14701<\/a><\/li>\n\n\n\n<li><a>...<\/a><\/li>\n\n\n\n<li><a href='?page_no=36999'>36999<\/a><\/li>\n\n\n\n<li><a href='?page_no=37000'>37000<\/a><\/li>\n\n    \n\t\n\n<li >\n\t<a href='?page_no=14700'>Next<\/a>\n\t<\/li>\n\n\n    \n\n<li><a href='?page_no=37000'>Last &rsaquo;&rsaquo;<\/a><\/li>\n\n<\/ul>\n\n\n--><br \/>\n<\/body><\/p>\n","protected":false},"excerpt":{"rendered":"<p>Santo Domingo, RD, 31 de Agosto.-El vocero de los diputados del Partido Reformista Social Cristiano, PRSC, pidi\u00f3 al Presidente Danilo Medina promulgar sin mayores dilaciones la Ley que convierte a Loma Miranda en Parque Nacional y as\u00ed devolverle la categor\u00eda de \u00e1rea protegida que mediante decreto Balaguer le hab\u00eda dado a esa zona. El ingeniero [&hellip;]<\/p>\n","protected":false},"author":3,"featured_media":0,"comment_status":"open","ping_status":"open","sticky":false,"template":"","format":"standard","meta":{"footnotes":""},"categories":[22],"tags":[],"class_list":["post-162276","post","type-post","status-publish","format-standard","hentry","category-politica"],"_links":{"self":[{"href":"https:\/\/diariodominicano.com\/index.php?rest_route=\/wp\/v2\/posts\/162276","targetHints":{"allow":["GET"]}}],"collection":[{"href":"https:\/\/diariodominicano.com\/index.php?rest_route=\/wp\/v2\/posts"}],"about":[{"href":"https:\/\/diariodominicano.com\/index.php?rest_route=\/wp\/v2\/types\/post"}],"author":[{"embeddable":true,"href":"https:\/\/diariodominicano.com\/index.php?rest_route=\/wp\/v2\/users\/3"}],"replies":[{"embeddable":true,"href":"https:\/\/diariodominicano.com\/index.php?rest_route=%2Fwp%2Fv2%2Fcomments&post=162276"}],"version-history":[{"count":0,"href":"https:\/\/diariodominicano.com\/index.php?rest_route=\/wp\/v2\/posts\/162276\/revisions"}],"wp:attachment":[{"href":"https:\/\/diariodominicano.com\/index.php?rest_route=%2Fwp%2Fv2%2Fmedia&parent=162276"}],"wp:term":[{"taxonomy":"category","embeddable":true,"href":"https:\/\/diariodominicano.com\/index.php?rest_route=%2Fwp%2Fv2%2Fcategories&post=162276"},{"taxonomy":"post_tag","embeddable":true,"href":"https:\/\/diariodominicano.com\/index.php?rest_route=%2Fwp%2Fv2%2Ftags&post=162276"}],"curies":[{"name":"wp","href":"https:\/\/api.w.org\/{rel}","templated":true}]}}