{"id":162275,"date":"2014-08-31T15:35:28","date_gmt":"2014-08-31T15:35:28","guid":{"rendered":"http:\/\/diariodominicano.ddns.net\/?p=162275"},"modified":"2014-08-31T15:35:28","modified_gmt":"2014-08-31T15:35:28","slug":"miles-de-jovenes-participan-en-marcha-caravana-en-apoyo-a-la-precandidatura-a-la-alcaldia-por-el-pld-en-santiago-de-fernando-rosa","status":"publish","type":"post","link":"https:\/\/diariodominicano.com\/?p=162275","title":{"rendered":"Miles de J\u00f3venes participan en marcha-caravana en apoyo a la Precandidatura a la alcald\u00eda por el PLD en Santiago de Fernando Rosa"},"content":{"rendered":"<p><body><\/p>\n<p><img decoding=\"async\" src=\"img3\/rosa.jpg\" \/>  <\/p>\n<p><span class=\"text1noticias\">Santo Domingo, RD, 31 de Agosto.-Miles de j\u00f3venes de todo el municipio de Santiago recorrieron las hist\u00f3ricas calles esta ciudad en una marcha-caravana en apoyo a la precan\u00addi\u00adda\u00adtura a la Alcald\u00eda del Par\u00adti\u00addo de la Li\u00adbe\u00adra\u00adci\u00f3n Do\u00admi\u00adni\u00adca\u00adna (PLD) del Licenciado Fernando Rosa.<\/span><\/p>\n<\/p>\n<p><span class=\"text1noticias\">La Joya y los Pepines fueron los hist\u00f3ricos y emblem\u00e1ticos sectores de esta ciudad coraz\u00f3n protagonistas donde miles de j\u00f3venes y simpatizantes sellaron con una contundente marcha-caravana el triunfo seguro del licenciado Fernando Rosa.<\/span><\/p>\n<\/p>\n<p><span class=\"text1noticias\">Inici\u00f3 en la avenida hermanas Mirabal con calle 19 de Marzo del hist\u00f3rico del sector de la Joya, recorriendo las calles Salvador Cucurrulo, Benito Monci\u00f3n, Restauraci\u00f3n, avenida Antonio Guzm\u00e1n y la calle del Sol, S\u00e1nchez hasta llegar al emblem\u00e1tico sector de los Pepines donde fue recibido por una multitudinaria congregaci\u00f3n de J\u00f3venes y adultos que le correaban \u00abEste es el Momento, Fernando Rosa, por la ciudad que merecemos\u00bb.<\/span><\/p>\n<\/p>\n<p><span class=\"text1noticias\">Durante el recorrido de la marcha-caravana, el precandidato a la alcald\u00eda y pr\u00f3ximo alcalde de Santiago, Fernando Rosa era saludado por sus simpatizantes, quienes se asomaban a los barcones, las azoteas y frentes de sus casas.<\/span><\/p>\n<\/p>\n<p><span class=\"text1noticias\">El grandioso recorrido por las calles de Santiago estaba integrado por grupos de j\u00f3venes que marchaban a pie, Sancos, lechones, comparsas, motocicletas, veh\u00edculos que eran recibidos con muchas algarab\u00eda permitiendo a Licenciado Fernando Rosa recibir el respaldo mayoritario, entusiasta y decidido de cientos de personas que se sumaban y le acompa\u00f1aban en su recorrido.<\/span><\/p>\n<\/p>\n<p><span class=\"text1noticias\">El colorido, sus costumbres y tradiciones de Santiago estuvieron presente con la manifestaci\u00f3n de J\u00f3venes por las calles por donde se transitaban dando un apoyo un\u00e1nime al pre-candidato a la Alcald\u00eda de Santiago, por el PLD, licenciado Fernando Rosa, lo que de acuerdo a con \u00e9l, esta manifestaci\u00f3n super\u00f3 ampliamente las expectativas de los organizadores de la actividad.<\/span><\/p>\n<\/p>\n<p><span class=\"text1noticias\">Finalizando el acto los coordinadores de la Juventud del Partido de la Liberaci\u00f3n Dominicana y del sector externo, Isael Molina y Carlos Collado, tomaron las palabras, dijeron que lo que paso hoy en Santiago con los j\u00f3venes un sello de triunfo a la candidatura del Licenciado Fernando Rosa.<\/span><\/p>\n<\/p>\n<p><span class=\"text1noticias\">As\u00ed mismo le hicieron la entrega de una par de guantes de Boxeo, para que en representaci\u00f3n de los j\u00f3venes le d\u00e9 un nokout t\u00e9cnico a la corrupci\u00f3n, a la mala administraci\u00f3n, al mal estado de las v\u00edas, al cumulo innecesario de basura  y sobre todo al abandono que tiene a la ciudad de Santiago.<\/span><\/p>\n<\/p>\n<p><span class=\"text1noticias\">El aspirante a la alcald\u00eda licenciado Fernando Rosa se manifest\u00f3 feliz y agradeci\u00f3 a cada uno de los j\u00f3venes y simpatizantes que se dieron cita en la marcha-caravana por su respaldado para que sea el pr\u00f3ximo alcalde de la ciudad coraz\u00f3n.<\/span><\/p>\n<\/p>\n<p><span class=\"text1noticias\">\u00abSi Lugar a dudas con esta contundente demostraci\u00f3n en esta apote\u00f3sica Marcha-Caravana queda demostrado una vez m\u00e1s que el pr\u00f3ximo alcalde de la ciudad de Santiago ser\u00e1 un Peledeistas y ese ser\u00e9 yo Fernando Rosa\u00bb, agreg\u00f3.<\/span><\/p>\n<\/p>\n<p><span class=\"text1noticias\">A\u00f1adi\u00f3 que \u00abLos Santiagueros saben que los \u00faltimos a\u00f1os los gobiernos locales han abandono y echado en el olvido a la ciudad de Santiago, y este es el momento de que los Santiagueros vuelvan a tener una ciudad que sea ejemplo y orgullo para todos, la verdadera ciudad que merecemos\u00bb.<\/span><\/p>\n<\/p>\n<p><span class=\"text1noticias\">Exhort\u00f3 a los j\u00f3venes y moradores de la ciudad a acompa\u00f1arlo en los trabajos que conducir\u00e1n a transformar a Santiago en una ciudad limpia, segura y organizada, con una administraci\u00f3n transparente y confiable.(HG)<\/span>.<\/p>\n<h6> 2014-08-31 15:35:28 <\/h6>\n<p><!--\n<link rel=\"stylesheet\" href=\"css\/bootstrap.min.css\">\n\n\n<ul class=\"pagination\">\n\t    \n\t\n\n<li >\n\t<a href='?page_no=14697'>Previous<\/a>\n\t<\/li>\n\n\n       \n    \n\n<li><a href='?page_no=1'>1<\/a><\/li>\n\n\n\n<li><a href='?page_no=2'>2<\/a><\/li>\n\n\n\n<li><a>...<\/a><\/li>\n\n\n\n<li><a href='?page_no=14696'>14696<\/a><\/li>\n\n\n\n<li><a href='?page_no=14697'>14697<\/a><\/li>\n\n\n\n<li class='active'><a>14698<\/a><\/li>\n\n\n\n<li><a href='?page_no=14699'>14699<\/a><\/li>\n\n\n\n<li><a href='?page_no=14700'>14700<\/a><\/li>\n\n\n\n<li><a>...<\/a><\/li>\n\n\n\n<li><a href='?page_no=36999'>36999<\/a><\/li>\n\n\n\n<li><a href='?page_no=37000'>37000<\/a><\/li>\n\n    \n\t\n\n<li >\n\t<a href='?page_no=14699'>Next<\/a>\n\t<\/li>\n\n\n    \n\n<li><a href='?page_no=37000'>Last &rsaquo;&rsaquo;<\/a><\/li>\n\n<\/ul>\n\n\n--><br \/>\n<\/body><\/p>\n","protected":false},"excerpt":{"rendered":"<p>Santo Domingo, RD, 31 de Agosto.-Miles de j\u00f3venes de todo el municipio de Santiago recorrieron las hist\u00f3ricas calles esta ciudad en una marcha-caravana en apoyo a la precan\u00addi\u00adda\u00adtura a la Alcald\u00eda del Par\u00adti\u00addo de la Li\u00adbe\u00adra\u00adci\u00f3n Do\u00admi\u00adni\u00adca\u00adna (PLD) del Licenciado Fernando Rosa. La Joya y los Pepines fueron los hist\u00f3ricos y emblem\u00e1ticos sectores de esta [&hellip;]<\/p>\n","protected":false},"author":3,"featured_media":0,"comment_status":"open","ping_status":"open","sticky":false,"template":"","format":"standard","meta":{"footnotes":""},"categories":[22],"tags":[],"class_list":["post-162275","post","type-post","status-publish","format-standard","hentry","category-politica"],"_links":{"self":[{"href":"https:\/\/diariodominicano.com\/index.php?rest_route=\/wp\/v2\/posts\/162275","targetHints":{"allow":["GET"]}}],"collection":[{"href":"https:\/\/diariodominicano.com\/index.php?rest_route=\/wp\/v2\/posts"}],"about":[{"href":"https:\/\/diariodominicano.com\/index.php?rest_route=\/wp\/v2\/types\/post"}],"author":[{"embeddable":true,"href":"https:\/\/diariodominicano.com\/index.php?rest_route=\/wp\/v2\/users\/3"}],"replies":[{"embeddable":true,"href":"https:\/\/diariodominicano.com\/index.php?rest_route=%2Fwp%2Fv2%2Fcomments&post=162275"}],"version-history":[{"count":0,"href":"https:\/\/diariodominicano.com\/index.php?rest_route=\/wp\/v2\/posts\/162275\/revisions"}],"wp:attachment":[{"href":"https:\/\/diariodominicano.com\/index.php?rest_route=%2Fwp%2Fv2%2Fmedia&parent=162275"}],"wp:term":[{"taxonomy":"category","embeddable":true,"href":"https:\/\/diariodominicano.com\/index.php?rest_route=%2Fwp%2Fv2%2Fcategories&post=162275"},{"taxonomy":"post_tag","embeddable":true,"href":"https:\/\/diariodominicano.com\/index.php?rest_route=%2Fwp%2Fv2%2Ftags&post=162275"}],"curies":[{"name":"wp","href":"https:\/\/api.w.org\/{rel}","templated":true}]}}