{"id":162274,"date":"2014-08-31T16:30:08","date_gmt":"2014-08-31T16:30:08","guid":{"rendered":"http:\/\/diariodominicano.ddns.net\/?p=162274"},"modified":"2014-08-31T16:30:08","modified_gmt":"2014-08-31T16:30:08","slug":"plataforma-democratica-organiza-el-evento-politico-cientos-se-aglutinan-en-san-souci-para-pedir-a-lf-acepte-candidatura","status":"publish","type":"post","link":"https:\/\/diariodominicano.com\/?p=162274","title":{"rendered":"Plataforma Democr\u00e1tica organiza el evento pol\u00edtico; Cientos se aglutinan en San Souci para pedir a LF acepte candidatura"},"content":{"rendered":"<p><body><\/p>\n<p><img decoding=\"async\" src=\"img3\/lanzan 31.jpg\" \/><br \/><img decoding=\"async\" src=\"img3\/jesus.jpg\" \/>  <\/p>\n<p>Santo Domingo RD 31 agosto.- Plataforma Democr\u00e1tica contin\u00faa recibiendo a cientos de ciudadanos que se comenzaron aglutinar a partir de las siete de la ma\u00f1ana en el Centro de Convenciones de San Souci, en donde le pedir\u00e1n a Leonel Fern\u00e1ndez que acepte la nominaci\u00f3n presidencial como \u00fanica garant\u00eda de que el Partido de la Liberaci\u00f3n Dominicana, preserve el poder m\u00e1s all\u00e1 del 2016.<\/p>\n<\/p>\n<p>Plataforma Democr\u00e1tica est\u00e1 integrada por artistas, intelectuales, empresarios, comunitarios, periodistas y exmiembros de otros partidos.<\/p>\n<\/p>\n<p>Se observa que entre los presentes se encuentra el exfiscal del Partido Revolucionario (PRD), Alexis Henr\u00edquez.<\/p>\n<\/p>\n<p>El movimiento  juvenil pol\u00edtico espera que unos seis mil seguidores reciban a Leonel Fern\u00e1ndez a las 10:30 de la ma\u00f1ana en el Centro de Convenciones San Souci, donde comenzaron a llegar militantes y seguidores del ex presidente de la Rep\u00fablica desde las 7:00 de la ma\u00f1ana.<\/p>\n<\/p>\n<p>En esta ma\u00f1ana en medio de un gran espect\u00e1culo la Plataforma Pol\u00edtica le pedir\u00e1 al expresidente Leonel Fern\u00e1ndez que acepte la nominaci\u00f3n presidencial.<\/p>\n<\/p>\n<p>El Movimiento Plataforma Democr\u00e1tica tiene una estructura pol\u00edtica de m\u00e1s de 150 personas que trabajan desde las cinco de la ma\u00f1ana en lo que es la log\u00edstica para dar a conocer al p\u00fablico el gran espect\u00e1culo de presentaci\u00f3n que ser\u00e1 el lanzamiento de dicho movimiento con la presencia de Leonel Fern\u00e1ndez.<\/p>\n<\/p>\n<\/p>\n<h6> 2014-08-31 16:30:08 <\/h6>\n<p><!--\n<link rel=\"stylesheet\" href=\"css\/bootstrap.min.css\">\n\n\n<ul class=\"pagination\">\n\t    \n\t\n\n<li >\n\t<a href='?page_no=14696'>Previous<\/a>\n\t<\/li>\n\n\n       \n    \n\n<li><a href='?page_no=1'>1<\/a><\/li>\n\n\n\n<li><a href='?page_no=2'>2<\/a><\/li>\n\n\n\n<li><a>...<\/a><\/li>\n\n\n\n<li><a href='?page_no=14695'>14695<\/a><\/li>\n\n\n\n<li><a href='?page_no=14696'>14696<\/a><\/li>\n\n\n\n<li class='active'><a>14697<\/a><\/li>\n\n\n\n<li><a href='?page_no=14698'>14698<\/a><\/li>\n\n\n\n<li><a href='?page_no=14699'>14699<\/a><\/li>\n\n\n\n<li><a>...<\/a><\/li>\n\n\n\n<li><a href='?page_no=36999'>36999<\/a><\/li>\n\n\n\n<li><a href='?page_no=37000'>37000<\/a><\/li>\n\n    \n\t\n\n<li >\n\t<a href='?page_no=14698'>Next<\/a>\n\t<\/li>\n\n\n    \n\n<li><a href='?page_no=37000'>Last &rsaquo;&rsaquo;<\/a><\/li>\n\n<\/ul>\n\n\n--><br \/>\n<\/body><\/p>\n","protected":false},"excerpt":{"rendered":"<p>Santo Domingo RD 31 agosto.- Plataforma Democr\u00e1tica contin\u00faa recibiendo a cientos de ciudadanos que se comenzaron aglutinar a partir de las siete de la ma\u00f1ana en el Centro de Convenciones de San Souci, en donde le pedir\u00e1n a Leonel Fern\u00e1ndez que acepte la nominaci\u00f3n presidencial como \u00fanica garant\u00eda de que el Partido de la Liberaci\u00f3n [&hellip;]<\/p>\n","protected":false},"author":3,"featured_media":0,"comment_status":"open","ping_status":"open","sticky":false,"template":"","format":"standard","meta":{"footnotes":""},"categories":[22],"tags":[],"class_list":["post-162274","post","type-post","status-publish","format-standard","hentry","category-politica"],"_links":{"self":[{"href":"https:\/\/diariodominicano.com\/index.php?rest_route=\/wp\/v2\/posts\/162274","targetHints":{"allow":["GET"]}}],"collection":[{"href":"https:\/\/diariodominicano.com\/index.php?rest_route=\/wp\/v2\/posts"}],"about":[{"href":"https:\/\/diariodominicano.com\/index.php?rest_route=\/wp\/v2\/types\/post"}],"author":[{"embeddable":true,"href":"https:\/\/diariodominicano.com\/index.php?rest_route=\/wp\/v2\/users\/3"}],"replies":[{"embeddable":true,"href":"https:\/\/diariodominicano.com\/index.php?rest_route=%2Fwp%2Fv2%2Fcomments&post=162274"}],"version-history":[{"count":0,"href":"https:\/\/diariodominicano.com\/index.php?rest_route=\/wp\/v2\/posts\/162274\/revisions"}],"wp:attachment":[{"href":"https:\/\/diariodominicano.com\/index.php?rest_route=%2Fwp%2Fv2%2Fmedia&parent=162274"}],"wp:term":[{"taxonomy":"category","embeddable":true,"href":"https:\/\/diariodominicano.com\/index.php?rest_route=%2Fwp%2Fv2%2Fcategories&post=162274"},{"taxonomy":"post_tag","embeddable":true,"href":"https:\/\/diariodominicano.com\/index.php?rest_route=%2Fwp%2Fv2%2Ftags&post=162274"}],"curies":[{"name":"wp","href":"https:\/\/api.w.org\/{rel}","templated":true}]}}