{"id":162273,"date":"2014-08-31T16:33:16","date_gmt":"2014-08-31T16:33:16","guid":{"rendered":"http:\/\/diariodominicano.ddns.net\/?p=162273"},"modified":"2014-08-31T16:33:16","modified_gmt":"2014-08-31T16:33:16","slug":"falpo-desmiente-sea-parte-de-convergencia","status":"publish","type":"post","link":"https:\/\/diariodominicano.com\/?p=162273","title":{"rendered":"FALPO desmiente sea parte de Convergencia"},"content":{"rendered":"<p><body><\/p>\n<p><img decoding=\"async\" src=\"img3\/Monegro.jpg\" \/>  <\/p>\n<p><span class=\"text1noticias\">Santiago, RD, 31 de Agosto.-El Frente Amplio de Lucha Popular (FALPO) desminti\u00f3 que forme parte de la Convergencia o haya concertado alianza con el Partido Revolucionario Mayoritario (PRM) y dijo que usan las siglas \u00abFALPO\u00bb para \u00abbuscar pegada\u00bb y potencializar el nuevo proyecto pol\u00edtico que lideran Hip\u00f3lito Mej\u00eda y Lui Abinader.<\/span><\/p>\n<\/p>\n<p><span class=\"text1noticias\">Ra\u00fal Monegro, vocero nacional del FALPO, expres\u00f3 que esa entidad popular no est\u00e1 en convergencia alguna con fines electoralistas ni su dirigencia est\u00e1 en b\u00fasqueda de candidaturas, tras calificar de montaje medi\u00e1tico del sector Hip\u00f3lito y el grupo pol\u00edtico que a\u00fapa las aspiraciones pol\u00edticas de Fidel Santana.<\/span><\/p>\n<\/p>\n<p><span class=\"text1noticias\">\u00abNuestra organizaci\u00f3n de pobladores y de lucha, no tiene la decisi\u00f3n ni siquiera ha contemplado participar en el torneo electoral, por lo tanto, es una patra\u00f1a usar el nombre del FALPO de palanca para impulsar un proyecto que como la Convergencia, no acaba de arrancar\u00bb, dijo Ra\u00fal Monegro.<\/span><\/p>\n<\/p>\n<p><span class=\"text1noticias\">Indic\u00f3 que, en el hipot\u00e9tico caso de que el FALPO decidiera una participaci\u00f3n pol\u00edtica, no lo har\u00eda aliado a partidos tradicionales, incluidos el PRD y su desprendimiento PRM, ni cualquier otro partido co-responsable o sost\u00e9n del sistema de corrupci\u00f3n e impunidad.<\/span><\/p>\n<\/p>\n<p><span class=\"text1noticias\">Monegro afirm\u00f3 que en el gobierno de Hip\u00f3lito Mej\u00eda, como en los dem\u00e1s del PRD, se recre\u00f3 la corrupci\u00f3n y no propici\u00f3 cambios favorables al pueblo.<\/span><\/p>\n<\/p>\n<p><span class=\"text1noticias\">Record\u00f3 que en el gobierno de Hip\u00f3lito, en el a\u00f1o 2002, se fragu\u00f3 un plan desde el Estado, al acusar al Falpo de encabezar un movimiento armado en Navarrete, que aunque luego se evidenci\u00f3 como un montaje, posteriormente fueron asesinados el dirigente Osvaldo Torres (Furi) y varios dirigentes m\u00e1s de la organizaci\u00f3n, por lo que mal har\u00edan hoy en concertar con el ex-presidente de la Rep\u00fablica, que encabeza el PRM.<\/span><\/p>\n<\/p>\n<p><span class=\"text1noticias\">Aclar\u00f3 que Fidel Santana, que fue dirigente del Falpo, desde el a\u00f1o 2014 fue expulsado del movimiento, tras concertar con Miguel Vargas Maldonado para llevar en la boleta del PRD un candidato a diputado y regidores, y hoy no tiene vinculaci\u00f3n alguna con la entidad, aunque busca reeditar acuerdo similar,  ahora con Hip\u00f3lito Mej\u00eda y el PRM.<\/span><\/p>\n<\/p>\n<p><span class=\"text1noticias\">La denominada Convergencia, en la que confluyen el Frente Amplio, el PRM y otras movimientos pol\u00edticos, realiz\u00f3 el pasado domingo 24 de agosto un acto pol\u00edtico en los salones del auditorio del Recinto UASD-Nagua, que fue titulada por la prensa \u00abFALPO y Convergencia se unen\u00bb.<\/span><\/p>\n<\/p>\n<p><span class=\"text1noticias\">Medios de prensa destacaron que la actividad fue organizada por el ex-Senado Jes\u00fas V\u00e1squez (Ch\u00fa) y rese\u00f1aron que \u00abdefinir\u00e1n  el protocolo con el que escoger\u00e1 al candidato presidencial y candidatos municipales y provinciales de esa coalici\u00f3n, as\u00ed como el manifiesto que le dio origen\u00bb.<\/span><\/p>\n<\/p>\n<p><span class=\"text1noticias\">El vocero nacional del Falpo consider\u00f3 que la Convergencia electoral opositora \u00abno ha cuajado, por lo que recurren al uso de las siglas de la entidad popular para generar impacto favorable.<\/span><\/p>\n<\/p>\n<p><span class=\"text1noticias\">\u00abA Hip\u00f3lito Mej\u00eda, Fidel Santana y dem\u00e1s art\u00edfices de la denominada Convergencia, a que busquen otra estrategia medi\u00e1tica para inspirar confianza, porque con esa la oposici\u00f3n del FALPO y cosechar\u00e1n fracasos pol\u00edticos\u00bb, concluy\u00f3 Ra\u00fal Monegro.(HG)<\/span>.<\/p>\n<h6> 2014-08-31 16:33:16 <\/h6>\n<p><!--\n<link rel=\"stylesheet\" href=\"css\/bootstrap.min.css\">\n\n\n<ul class=\"pagination\">\n\t    \n\t\n\n<li >\n\t<a href='?page_no=14695'>Previous<\/a>\n\t<\/li>\n\n\n       \n    \n\n<li><a href='?page_no=1'>1<\/a><\/li>\n\n\n\n<li><a href='?page_no=2'>2<\/a><\/li>\n\n\n\n<li><a>...<\/a><\/li>\n\n\n\n<li><a href='?page_no=14694'>14694<\/a><\/li>\n\n\n\n<li><a href='?page_no=14695'>14695<\/a><\/li>\n\n\n\n<li class='active'><a>14696<\/a><\/li>\n\n\n\n<li><a href='?page_no=14697'>14697<\/a><\/li>\n\n\n\n<li><a href='?page_no=14698'>14698<\/a><\/li>\n\n\n\n<li><a>...<\/a><\/li>\n\n\n\n<li><a href='?page_no=36999'>36999<\/a><\/li>\n\n\n\n<li><a href='?page_no=37000'>37000<\/a><\/li>\n\n    \n\t\n\n<li >\n\t<a href='?page_no=14697'>Next<\/a>\n\t<\/li>\n\n\n    \n\n<li><a href='?page_no=37000'>Last &rsaquo;&rsaquo;<\/a><\/li>\n\n<\/ul>\n\n\n--><br \/>\n<\/body><\/p>\n","protected":false},"excerpt":{"rendered":"<p>Santiago, RD, 31 de Agosto.-El Frente Amplio de Lucha Popular (FALPO) desminti\u00f3 que forme parte de la Convergencia o haya concertado alianza con el Partido Revolucionario Mayoritario (PRM) y dijo que usan las siglas \u00abFALPO\u00bb para \u00abbuscar pegada\u00bb y potencializar el nuevo proyecto pol\u00edtico que lideran Hip\u00f3lito Mej\u00eda y Lui Abinader. Ra\u00fal Monegro, vocero nacional [&hellip;]<\/p>\n","protected":false},"author":3,"featured_media":0,"comment_status":"open","ping_status":"open","sticky":false,"template":"","format":"standard","meta":{"footnotes":""},"categories":[22],"tags":[],"class_list":["post-162273","post","type-post","status-publish","format-standard","hentry","category-politica"],"_links":{"self":[{"href":"https:\/\/diariodominicano.com\/index.php?rest_route=\/wp\/v2\/posts\/162273","targetHints":{"allow":["GET"]}}],"collection":[{"href":"https:\/\/diariodominicano.com\/index.php?rest_route=\/wp\/v2\/posts"}],"about":[{"href":"https:\/\/diariodominicano.com\/index.php?rest_route=\/wp\/v2\/types\/post"}],"author":[{"embeddable":true,"href":"https:\/\/diariodominicano.com\/index.php?rest_route=\/wp\/v2\/users\/3"}],"replies":[{"embeddable":true,"href":"https:\/\/diariodominicano.com\/index.php?rest_route=%2Fwp%2Fv2%2Fcomments&post=162273"}],"version-history":[{"count":0,"href":"https:\/\/diariodominicano.com\/index.php?rest_route=\/wp\/v2\/posts\/162273\/revisions"}],"wp:attachment":[{"href":"https:\/\/diariodominicano.com\/index.php?rest_route=%2Fwp%2Fv2%2Fmedia&parent=162273"}],"wp:term":[{"taxonomy":"category","embeddable":true,"href":"https:\/\/diariodominicano.com\/index.php?rest_route=%2Fwp%2Fv2%2Fcategories&post=162273"},{"taxonomy":"post_tag","embeddable":true,"href":"https:\/\/diariodominicano.com\/index.php?rest_route=%2Fwp%2Fv2%2Ftags&post=162273"}],"curies":[{"name":"wp","href":"https:\/\/api.w.org\/{rel}","templated":true}]}}