{"id":162272,"date":"2014-08-31T16:49:01","date_gmt":"2014-08-31T16:49:01","guid":{"rendered":"http:\/\/diariodominicano.ddns.net\/?p=162272"},"modified":"2014-08-31T16:49:01","modified_gmt":"2014-08-31T16:49:01","slug":"eligen-a-calderon-sol-y-a-quique-antun-presidente-y-vicepresidente-de-la-upla","status":"publish","type":"post","link":"https:\/\/diariodominicano.com\/?p=162272","title":{"rendered":"Eligen a Calder\u00f3n Sol y a Quique Ant\u00fan presidente y vicepresidente de la UPLA"},"content":{"rendered":"<p><body><\/p>\n<p><img decoding=\"async\" src=\"img3\/Quique.jpg\" \/>  <\/p>\n<p><span class=\"text1noticias\">CIUDAD DE PANAM\u00c1, Panam\u00e1, 31 de Agosto.- El ex presidente de El Salvador, Armando Calder\u00f3n Sol, y el presidente del Partido Reformista Social Cristiano (PRSC), Federico Ant\u00fan Batlle (Quique), fueron  electos aqu\u00ed presidente y vicepresidente, respectivamente,  de la Uni\u00f3n de Partidos Latinoamericanos (UPLA).<\/span><\/p>\n<\/p>\n<p><span class=\"text1noticias\">La elecci\u00f3n de la nueva directiva de la UPLA, que agrupa a una veintena de partidos y movimientos pol\u00edticos conservadores, democristianos, liberales y de centro de igual cantidad de pa\u00edses de Am\u00e9rica Latina, se llev\u00f3 a cabo en el marco de la Asamblea Anual de la entidad regional celebrada en esta ciudad.<\/span><\/p>\n<\/p>\n<p><span class=\"text1noticias\">Se inform\u00f3 que la elecci\u00f3n de Calder\u00f3n Sol y del ingeniero Quique Ant\u00fan se hizo a unanimidad, al igual que la de los dem\u00e1s integrantes de la directiva, como Oscar Ortiz, del Movimiento Dem\u00f3crata de Bolivia; Efra\u00edn Cepeda, del Partido Conservador de Colombia, y Pascual del Cioppo, del Partido Social Cristiano de Ecuador, quienes fueron elegidos como vicepresidentes.<\/span><\/p>\n<\/p>\n<p><span class=\"text1noticias\">Los nuevos directivos de la UPLA permanecer\u00e1n al frente de la entidad por dos a\u00f1os, como establece el estatuto de la organizaci\u00f3n regional.<\/span><\/p>\n<\/p>\n<p><span class=\"text1noticias\">El presidente saliente es Jovino Novoa V\u00e1squez, del partido Uni\u00f3n Dem\u00f3crata Independiente (UDI) de Chile, el cual asumi\u00f3 la direcci\u00f3n de la entidad al ser electo en el cargo en la asamblea general celebrada en Guayaquil, Ecuador, en julio de 2012.<\/span><\/p>\n<\/p>\n<p><span class=\"text1noticias\">La UPLA tiene partidos pol\u00edticos miembros de unos veinte pa\u00edses, entre los que se encuentran Chile, Argentina, Bolivia, Brasil, M\u00e9xico, Venezuela, Rep\u00fablica Dominicana, Colombia, Ecuador, Costa Rica, Panam\u00e1, Honduras, El Salvador, Guatemala, Paraguay, Nicaragua, Per\u00fa, El Salvador, entre otros.<\/span><\/p>\n<\/p>\n<p><span class=\"text1noticias\">Se explic\u00f3 que la Uni\u00f3n de Partidos Latinoamericanos fue creada en 1992 con la finalidad de promover y defender la democracia y la libertad en los pa\u00edses de Am\u00e9rica Latina, los cuales muchas veces tienden a la inestabilidad por las intervenciones militares del pasado o por el caudillismo y populismo de algunos de sus gobernantes.<\/span><\/p>\n<p><span class=\"text1noticias\"> <\/span><\/p>\n<p><span class=\"text1noticias\">La organizaci\u00f3n tiene una creciente influencia en la regi\u00f3n y ha logrado establecer importantes v\u00ednculos con partidos afines en el resto del mundo.<\/span><\/p>\n<p><span class=\"text1noticias\"> <\/span><\/p>\n<p><span class=\"text1noticias\">De hecho, es la organizaci\u00f3n regional para las Am\u00e9ricas de la Uni\u00f3n International Dem\u00f3crata, organizaci\u00f3n mundial que re\u00fane partidos y movimientos pol\u00edticos conservadores y dem\u00f3crata cristianos de cerca de 80 pa\u00edses del mundo, entre ellos el Partido Popular de Espa\u00f1a, los partidos Dem\u00f3crata Cristiano y Social Cristiano de Alemania, el Partido Conservador de Gran Breta\u00f1a y la UMP de Francia.(HG)<\/span>.<\/p>\n<\/p>\n<h6> 2014-08-31 16:49:01 <\/h6>\n<p><!--\n<link rel=\"stylesheet\" href=\"css\/bootstrap.min.css\">\n\n\n<ul class=\"pagination\">\n\t    \n\t\n\n<li >\n\t<a href='?page_no=14694'>Previous<\/a>\n\t<\/li>\n\n\n       \n    \n\n<li><a href='?page_no=1'>1<\/a><\/li>\n\n\n\n<li><a href='?page_no=2'>2<\/a><\/li>\n\n\n\n<li><a>...<\/a><\/li>\n\n\n\n<li><a href='?page_no=14693'>14693<\/a><\/li>\n\n\n\n<li><a href='?page_no=14694'>14694<\/a><\/li>\n\n\n\n<li class='active'><a>14695<\/a><\/li>\n\n\n\n<li><a href='?page_no=14696'>14696<\/a><\/li>\n\n\n\n<li><a href='?page_no=14697'>14697<\/a><\/li>\n\n\n\n<li><a>...<\/a><\/li>\n\n\n\n<li><a href='?page_no=36999'>36999<\/a><\/li>\n\n\n\n<li><a href='?page_no=37000'>37000<\/a><\/li>\n\n    \n\t\n\n<li >\n\t<a href='?page_no=14696'>Next<\/a>\n\t<\/li>\n\n\n    \n\n<li><a href='?page_no=37000'>Last &rsaquo;&rsaquo;<\/a><\/li>\n\n<\/ul>\n\n\n--><br \/>\n<\/body><\/p>\n","protected":false},"excerpt":{"rendered":"<p>CIUDAD DE PANAM\u00c1, Panam\u00e1, 31 de Agosto.- El ex presidente de El Salvador, Armando Calder\u00f3n Sol, y el presidente del Partido Reformista Social Cristiano (PRSC), Federico Ant\u00fan Batlle (Quique), fueron electos aqu\u00ed presidente y vicepresidente, respectivamente, de la Uni\u00f3n de Partidos Latinoamericanos (UPLA). La elecci\u00f3n de la nueva directiva de la UPLA, que agrupa a [&hellip;]<\/p>\n","protected":false},"author":3,"featured_media":0,"comment_status":"open","ping_status":"open","sticky":false,"template":"","format":"standard","meta":{"footnotes":""},"categories":[22],"tags":[],"class_list":["post-162272","post","type-post","status-publish","format-standard","hentry","category-politica"],"_links":{"self":[{"href":"https:\/\/diariodominicano.com\/index.php?rest_route=\/wp\/v2\/posts\/162272","targetHints":{"allow":["GET"]}}],"collection":[{"href":"https:\/\/diariodominicano.com\/index.php?rest_route=\/wp\/v2\/posts"}],"about":[{"href":"https:\/\/diariodominicano.com\/index.php?rest_route=\/wp\/v2\/types\/post"}],"author":[{"embeddable":true,"href":"https:\/\/diariodominicano.com\/index.php?rest_route=\/wp\/v2\/users\/3"}],"replies":[{"embeddable":true,"href":"https:\/\/diariodominicano.com\/index.php?rest_route=%2Fwp%2Fv2%2Fcomments&post=162272"}],"version-history":[{"count":0,"href":"https:\/\/diariodominicano.com\/index.php?rest_route=\/wp\/v2\/posts\/162272\/revisions"}],"wp:attachment":[{"href":"https:\/\/diariodominicano.com\/index.php?rest_route=%2Fwp%2Fv2%2Fmedia&parent=162272"}],"wp:term":[{"taxonomy":"category","embeddable":true,"href":"https:\/\/diariodominicano.com\/index.php?rest_route=%2Fwp%2Fv2%2Fcategories&post=162272"},{"taxonomy":"post_tag","embeddable":true,"href":"https:\/\/diariodominicano.com\/index.php?rest_route=%2Fwp%2Fv2%2Ftags&post=162272"}],"curies":[{"name":"wp","href":"https:\/\/api.w.org\/{rel}","templated":true}]}}