{"id":162271,"date":"2014-08-31T17:49:25","date_gmt":"2014-08-31T17:49:25","guid":{"rendered":"http:\/\/diariodominicano.ddns.net\/?p=162271"},"modified":"2014-08-31T17:49:25","modified_gmt":"2014-08-31T17:49:25","slug":"montas-moviliza-a-guananico-clamando-alternabilidad-en-el-ejercicio-del-poder","status":"publish","type":"post","link":"https:\/\/diariodominicano.com\/?p=162271","title":{"rendered":"Mont\u00e1s moviliza a Guananico clamando alternabilidad en el ejercicio del poder&#13;"},"content":{"rendered":"<p><body><\/p>\n<p>Guananico, Puerto Plata RD 31 agosto.- \u00abEl Partido de la Liberaci\u00f3n Dominicana no puede retroceder al pasado en las elecciones de 2016 y por eso las bases deben escoger un candidato que represente el futuro, la alternabilidad y el liderazgo democr\u00e1tico\u00bb, afirm\u00f3 aqu\u00ed el aspirante presidencial Tem\u00edstocles Mont\u00e1s.<\/p>\n<\/p>\n<p>Hablando ante cientos de simpatizantes congregados en la discoteca Cacao-Caf\u00e9 Bar, Mont\u00e1s dijo que constituir\u00eda un error muy grave que el PLD sea llevado al pasado para satisfacer las aspiraciones continuistas de un dirigente que se considera el \u00ab\u00fanico l\u00edder\u00bb del partido que construy\u00f3 Juan Bosch para luchar por la libertad, por la democracia y por la justicia social.<\/p>\n<\/p>\n<p>\u00abNi siquiera Juan Bosch, que era un l\u00edder democr\u00e1tico, trat\u00f3 de poner al PLD al servicio exclusivo de sus aspiraciones presidenciales, mucho menos puede lograrlo quien se cree l\u00edder insustituible e imprescindible\u00bb, proclam\u00f3 el dirigente del Comit\u00e9 Pol\u00edtico del partido morado.<\/p>\n<\/p>\n<p>Mont\u00e1s volvi\u00f3 a alertar al pa\u00eds de que la historia ha probado que cuando un l\u00edder popular se cree imprescindible e insustituible, lo que logra en realidad es abrirle el camino a la dictadura y posteriormente a la p\u00e9rdida de la soberan\u00eda.<\/p>\n<\/p>\n<p>Mont\u00e1s, quien este domingo encabez\u00f3 tambi\u00e9n concurridos encuentros en el Centro Cultural Fermoselle, de San Pedro de Macor\u00eds y en El Casino, de Ban\u00ed,  estuvo el s\u00e1bado en Puerto Plata donde recibi\u00f3 el respaldo de la vice-alcandesa de Luper\u00f3n, Germania Gonz\u00e1lez, quien dijo estar agradecida por la solidaridad que le ha brindado el aspirante presidencial. . \u00abEl pueblo necesita una gente como usted\u00bb, dijo. En la actividad estivo tambi\u00e9n Vinicio Cueto, Presidente de la Sala Capitular del Ayuntamiento de Luper\u00f3n.<\/p>\n<\/p>\n<p>Miguel\u00edn Gonz\u00e1lez, dirigente local del PLD, habl\u00f3 tambi\u00e9n en el encuentro que reuni\u00f3 a simpatizantes de Mont\u00e1s de Los Hidalgos, Imbert, La Isabela, Altamira, Luper\u00f3n y Guananico.<\/p>\n<\/p>\n<p>Mont\u00e1s cit\u00f3 el caso del expresidente Horacio V\u00e1squez que gan\u00f3 las elecciones de 1924 y como sus partidarios enarbolaban la consigna de \u00abHoracio o que entre el mar\u00bb, lo llevaron a prolongar su mandato de cuatro a seis a\u00f1os y como un insaciable, en 1930 intent\u00f3 seguir en el poder por otros cuatro a\u00f1os y cay\u00f3 vencido por Rafael Trujillo que instaur\u00f3 un r\u00e9gimen tir\u00e1nico durante 31 a\u00f1os.<\/p>\n<\/p>\n<p>\u00abCon ese intento continuista de Horacio V\u00e1squez desapareci\u00f3 Horacio y desapareci\u00f3 su Partido Nacional\u00bb, record\u00f3 Mont\u00e1s, quien advirti\u00f3 que ese es el riesgo que corre el PLD y quien se crea insustituible si persiste en colocar al partido morado a su servicio cada vez que quiera ser presidente.<\/p>\n<\/p>\n<p>Mont\u00e1s cit\u00f3 un art\u00edculo publicado la semana pasada por el director de Diario Libre, Adriano Miguel Tejada, quien record\u00f3 que las aspiraciones insaciables de continuar en el poder llevaron a Horacio V\u00e1squez y a su partido a su autoliquidaci\u00f3n, dando paso a un subalterno al que pr\u00e1cticamente no le conced\u00eda ninguna importancia.<\/p>\n<\/p>\n<p>Pidi\u00f3 a los pelede\u00edstas y al liderazgo democr\u00e1tico del pa\u00eds que todos se abracen a la alternabilidad, a elegir candidatos nuevos, para afianzar el proceso institucional de la Rep\u00fablica Dominicana y devolver la decencia a la actividad pol\u00edtica.<\/p>\n<\/p>\n<p>Mont\u00e1s sostuvo que el presidente Danilo Medina es la mejor demostraci\u00f3n de que se debe rotar el liderazgo de la naci\u00f3n, pues est\u00e1 haciendo un gobierno de grandes \u00e9xitos y ha superado en aceptaci\u00f3n popular a todos los anteriores gobernantes del pa\u00eds y es el que cuenta con el mayor respaldo en Am\u00e9rica Latina.<\/p>\n<\/p>\n<h6> 2014-08-31 17:49:25 <\/h6>\n<p><!--\n<link rel=\"stylesheet\" href=\"css\/bootstrap.min.css\">\n\n\n<ul class=\"pagination\">\n\t    \n\t\n\n<li >\n\t<a href='?page_no=14693'>Previous<\/a>\n\t<\/li>\n\n\n       \n    \n\n<li><a href='?page_no=1'>1<\/a><\/li>\n\n\n\n<li><a href='?page_no=2'>2<\/a><\/li>\n\n\n\n<li><a>...<\/a><\/li>\n\n\n\n<li><a href='?page_no=14692'>14692<\/a><\/li>\n\n\n\n<li><a href='?page_no=14693'>14693<\/a><\/li>\n\n\n\n<li class='active'><a>14694<\/a><\/li>\n\n\n\n<li><a href='?page_no=14695'>14695<\/a><\/li>\n\n\n\n<li><a href='?page_no=14696'>14696<\/a><\/li>\n\n\n\n<li><a>...<\/a><\/li>\n\n\n\n<li><a href='?page_no=36999'>36999<\/a><\/li>\n\n\n\n<li><a href='?page_no=37000'>37000<\/a><\/li>\n\n    \n\t\n\n<li >\n\t<a href='?page_no=14695'>Next<\/a>\n\t<\/li>\n\n\n    \n\n<li><a href='?page_no=37000'>Last &rsaquo;&rsaquo;<\/a><\/li>\n\n<\/ul>\n\n\n--><br \/>\n<\/body><\/p>\n","protected":false},"excerpt":{"rendered":"<p>Guananico, Puerto Plata RD 31 agosto.- \u00abEl Partido de la Liberaci\u00f3n Dominicana no puede retroceder al pasado en las elecciones de 2016 y por eso las bases deben escoger un candidato que represente el futuro, la alternabilidad y el liderazgo democr\u00e1tico\u00bb, afirm\u00f3 aqu\u00ed el aspirante presidencial Tem\u00edstocles Mont\u00e1s. Hablando ante cientos de simpatizantes congregados en [&hellip;]<\/p>\n","protected":false},"author":3,"featured_media":0,"comment_status":"open","ping_status":"open","sticky":false,"template":"","format":"standard","meta":{"footnotes":""},"categories":[22],"tags":[],"class_list":["post-162271","post","type-post","status-publish","format-standard","hentry","category-politica"],"_links":{"self":[{"href":"https:\/\/diariodominicano.com\/index.php?rest_route=\/wp\/v2\/posts\/162271","targetHints":{"allow":["GET"]}}],"collection":[{"href":"https:\/\/diariodominicano.com\/index.php?rest_route=\/wp\/v2\/posts"}],"about":[{"href":"https:\/\/diariodominicano.com\/index.php?rest_route=\/wp\/v2\/types\/post"}],"author":[{"embeddable":true,"href":"https:\/\/diariodominicano.com\/index.php?rest_route=\/wp\/v2\/users\/3"}],"replies":[{"embeddable":true,"href":"https:\/\/diariodominicano.com\/index.php?rest_route=%2Fwp%2Fv2%2Fcomments&post=162271"}],"version-history":[{"count":0,"href":"https:\/\/diariodominicano.com\/index.php?rest_route=\/wp\/v2\/posts\/162271\/revisions"}],"wp:attachment":[{"href":"https:\/\/diariodominicano.com\/index.php?rest_route=%2Fwp%2Fv2%2Fmedia&parent=162271"}],"wp:term":[{"taxonomy":"category","embeddable":true,"href":"https:\/\/diariodominicano.com\/index.php?rest_route=%2Fwp%2Fv2%2Fcategories&post=162271"},{"taxonomy":"post_tag","embeddable":true,"href":"https:\/\/diariodominicano.com\/index.php?rest_route=%2Fwp%2Fv2%2Ftags&post=162271"}],"curies":[{"name":"wp","href":"https:\/\/api.w.org\/{rel}","templated":true}]}}