{"id":162270,"date":"2014-08-31T23:02:57","date_gmt":"2014-08-31T23:02:57","guid":{"rendered":"http:\/\/diariodominicano.ddns.net\/?p=162270"},"modified":"2014-08-31T23:02:57","modified_gmt":"2014-08-31T23:02:57","slug":"leonel-fernandez-afirma-pld-ha-utilizado-mayoria-legislativa-para-transformar-el-estado-dominicano","status":"publish","type":"post","link":"https:\/\/diariodominicano.com\/?p=162270","title":{"rendered":"Leonel Fern\u00e1ndez afirma PLD ha utilizado mayor\u00eda legislativa para transformar el Estado dominicano"},"content":{"rendered":"<p><body><\/p>\n<p><img decoding=\"async\" src=\"img3\/leooo2.jpg\" \/><br \/><img decoding=\"async\" src=\"img3\/leo0001.jpg\" \/>  <\/p>\n<p><span class=\"text1noticias\">Santo Domingo RD 1 septiembre.- El ex presidente de la Rep\u00fablica, Leonel Fern\u00e1ndez, afirm\u00f3 este domingo que el Partido de la Liberaci\u00f3n Dominicana (PLD) ha utilizado la mayor\u00eda que tiene en el Congreso Nacional para producir las grandes transformaciones institucionales que necesitaba el pa\u00eds para alcanzar el desarrollo en los diferentes \u00f3rdenes. <\/span><\/p>\n<p><span class=\"text1noticias\"> <\/span><\/p>\n<p><span class=\"text1noticias\">Fern\u00e1ndez hizo el pronunciamiento al encabezar el acto de lanzamiento formal de Plataforma Democr\u00e1tica, entidad que le ofreci\u00f3 su respaldo decidido y militante, ante una posible postulaci\u00f3n suya para la Presidencia de la Rep\u00fablica, con miras a las elecciones del 2016.<\/span><\/p>\n<p><span class=\"text1noticias\"> <\/span><\/p>\n<p><span class=\"text1noticias\">\u00abEl PLD ha transformado al Estado dominicano\u00bb, proclam\u00f3 Fern\u00e1ndez, en medio de prolongadas ovaciones de parte de las miles de personas que acudieron a testimoniarle su respaldo y a pedirle que se postule a la Presidencia para el cuatrienio 2016 2020.<\/span><\/p>\n<p><span class=\"text1noticias\"> <\/span><\/p>\n<p><span class=\"text1noticias\">El ex gobernante sostuvo que en el marco de ese esfuerzo de consolidaci\u00f3n institucional que lider\u00f3 durante su gesti\u00f3n, se destaca la reforma constitucional del 2010, en la que se consagr\u00f3 el Estado Social y Democr\u00e1tico de Derecho, un logro que, seg\u00fan dijo, no tiene precedentes en la historia del pa\u00eds.<\/span><\/p>\n<p><span class=\"text1noticias\"> <\/span><\/p>\n<p><span class=\"text1noticias\">El ex jefe de Estado indic\u00f3 que en la referida reforma constitucional se consagr\u00f3 por primera vez la igualdad entre el hombre y la  mujer, los derechos sociales, la defensa del medio ambiente, la limitaci\u00f3n del ejercicio del poder pol\u00edtico, una reforma sustancial del Poder Judicial, entre otras conquistas importantes.<\/span><\/p>\n<p><span class=\"text1noticias\"> <\/span><\/p>\n<p><span class=\"text1noticias\">En su discurso, Fern\u00e1ndez afirm\u00f3 que de ahora en adelante, la meta principal del pa\u00eds es consolidar esas grandes conquistas institucionales alcanzadas, a los fines de pasar de la democracia electoral a la democracia ciudadana que de una respuesta efectiva a problemas como el desempleo, la inseguridad, el problema energ\u00e9tico y otros.<\/span><\/p>\n<p><span class=\"text1noticias\"> <\/span><\/p>\n<p><span class=\"text1noticias\">Durante su intervenci\u00f3n, Fern\u00e1ndez indic\u00f3 que el presidente Danilo Medina est\u00e1 haciendo una gesti\u00f3n exitosa de gobierno en favor de la poblaci\u00f3n, continuando as\u00ed un siclo hist\u00f3rico que inici\u00f3 en el 1996, cuando el PLD asumi\u00f3 el poder por primea vez,  y que deber\u00e1 continuar m\u00e1s all\u00e1 del 2020.<\/span><\/p>\n<p><span class=\"text1noticias\"> <\/span><\/p>\n<p><span class=\"text1noticias\">\u00abEstamos haciendo una f\u00e1brica de presidentes\u00bb, proclam\u00f3 Fern\u00e1ndez, tras se\u00f1alar que muchos peledeistas tendr\u00e1n la oportunidad de llegar a la Presidencia de la Rep\u00fablica, ya que esa organizaci\u00f3n se mantendr\u00e1 en el poder hasta despu\u00e9s del 2044, fecha en que se conmemorar\u00e1 el bicentenario de la independencia nacional.<\/span><\/p>\n<p><span class=\"text1noticias\"><strong> <\/strong><\/span><\/p>\n<p><span class=\"text1noticias\"><strong>M\u00e1s sobre el acto<\/strong><\/span><\/p>\n<p><span class=\"text1noticias\"> <\/span><\/p>\n<p><span class=\"text1noticias\">En nombre de Plataforma Democr\u00e1tica habl\u00f3 el exministro de Cultura, Jos\u00e9 Rafael Lantigua, quien afirm\u00f3 que el pa\u00eds entero reclama a viva voz que Fern\u00e1ndez se postule nuevamente para la Presidencia de la Rep\u00fablica, con miras al pr\u00f3ximo cuatrienio gubernamental que inicia en el 2016. <\/span><\/p>\n<p><span class=\"text1noticias\"> <\/span><\/p>\n<p><span class=\"text1noticias\">Lantigua explic\u00f3 que Plataforma Democr\u00e1tica constituye un nuevo movimiento pol\u00edtico destinado a participar activamente en la promoci\u00f3n de una posible candidatura de Fern\u00e1ndez y defender los mejores intereses del pa\u00eds.<\/span><\/p>\n<p><span class=\"text1noticias\"> <\/span><\/p>\n<p><span class=\"text1noticias\">El conocido escritor y activista cultural dijo que el grupo est\u00e1 conformado por personalidades de la sociedad civil, reconocidos juristas, profesionales de diversos sectores, militantes de partidos con trayectoria hist\u00f3rica y empresarios de diferentes ramas.<\/span><\/p>\n<p><span class=\"text1noticias\"> <\/span><\/p>\n<p><span class=\"text1noticias\">Lantigua tambi\u00e9n indic\u00f3 que dentro de los integrantes del Plataforma Democr\u00e1tica hay muchos que nunca hab\u00edan participado el actividad pol\u00edtica y que decidieron respaldar al PLD porque entienden que esa organizaci\u00f3n ha realizado los mejores gobiernos que ha tenido el pa\u00eds.<\/span><\/p>\n<p><span class=\"text1noticias\"> <\/span><\/p>\n<p><span class=\"text1noticias\">En nombre de la rama femenina de la entidad habl\u00f3 la destacada intelectual y acad\u00e9mica Bernarda Jorge, quien afirm\u00f3 que el voto de las mujeres ser\u00e1 determinante en las pr\u00f3ximas elecciones y vaticin\u00f3 que ese sufragio beneficiar\u00e1 mayoritariamente al ex presidente Fern\u00e1ndez, en caso de que se postule.<\/span><\/p>\n<p><span class=\"text1noticias\"> <\/span><\/p>\n<p><span class=\"text1noticias\">De su lado, el conocido acad\u00e9mico Jes\u00fas de la Rosa le expres\u00f3 su apoyo a Fern\u00e1ndez y destac\u00f3 las grandes transformaciones de que fue objeto la Universidad Aut\u00f3noma de Santo Domingo (UASD) durante la gesti\u00f3n del ex mandatario.<\/span><\/p>\n<p><span class=\"text1noticias\"> <\/span><\/p>\n<p><span class=\"text1noticias\">De igual manera, De la Rosa resalt\u00f3 que Fern\u00e1ndez pertenece a un selecto grupo de egresado de la UASD que han ocupado la Presidencia de la Rep\u00fablica, entre los que se destaca Francisco Henr\u00edquez y Carvajal, padre de los Henr\u00edquez Ure\u00f1a, que figuran entre los m\u00e1s destacados intelectuales de Latinoam\u00e9rica.<\/span><\/p>\n<p><span class=\"text1noticias\"> <\/span><\/p>\n<p><span class=\"text1noticias\">En el acto de lanzamiento de Plataforma Democr\u00e1tica participaron el ex Vicepresidente Rafael Alburquerque, y Bautista Rojas G\u00f3mez, miembros del Comit\u00e9 Pol\u00edtico del PLD, as\u00ed como decenas de legisladores, alcaldes, regidores,  miembros del Comit\u00e9 Central peledeista, ex funcionarios del gobierno central y dirigentes medios y de base del PLD.<\/span><\/p>\n<p><span class=\"text1noticias\"> <\/span><\/p>\n<p><span class=\"text1noticias\">A trav\u00e9s de consignas y otros gestos, los asistentes al acto le pidieron al ex presidente Fern\u00e1ndez que se postule para las elecciones venideras y se mostraron dispuestas a trabajar con ah\u00ednco para garantizarle el triunfo.<\/span><\/p>\n<p><span class=\"text1noticias\"> <\/span><\/p>\n<p><span class=\"text1noticias\">El encuentro incluy\u00f3 actividades art\u00edsticas y actuaci\u00f3n de destacados comediantes.<\/span><\/p>\n<\/p>\n<\/p>\n<\/p>\n<h6> 2014-08-31 23:02:57 <\/h6>\n<p><!--\n<link rel=\"stylesheet\" href=\"css\/bootstrap.min.css\">\n\n\n<ul class=\"pagination\">\n\t    \n\t\n\n<li >\n\t<a href='?page_no=14692'>Previous<\/a>\n\t<\/li>\n\n\n       \n    \n\n<li><a href='?page_no=1'>1<\/a><\/li>\n\n\n\n<li><a href='?page_no=2'>2<\/a><\/li>\n\n\n\n<li><a>...<\/a><\/li>\n\n\n\n<li><a href='?page_no=14691'>14691<\/a><\/li>\n\n\n\n<li><a href='?page_no=14692'>14692<\/a><\/li>\n\n\n\n<li class='active'><a>14693<\/a><\/li>\n\n\n\n<li><a href='?page_no=14694'>14694<\/a><\/li>\n\n\n\n<li><a href='?page_no=14695'>14695<\/a><\/li>\n\n\n\n<li><a>...<\/a><\/li>\n\n\n\n<li><a href='?page_no=36999'>36999<\/a><\/li>\n\n\n\n<li><a href='?page_no=37000'>37000<\/a><\/li>\n\n    \n\t\n\n<li >\n\t<a href='?page_no=14694'>Next<\/a>\n\t<\/li>\n\n\n    \n\n<li><a href='?page_no=37000'>Last &rsaquo;&rsaquo;<\/a><\/li>\n\n<\/ul>\n\n\n--><br \/>\n<\/body><\/p>\n","protected":false},"excerpt":{"rendered":"<p>Santo Domingo RD 1 septiembre.- El ex presidente de la Rep\u00fablica, Leonel Fern\u00e1ndez, afirm\u00f3 este domingo que el Partido de la Liberaci\u00f3n Dominicana (PLD) ha utilizado la mayor\u00eda que tiene en el Congreso Nacional para producir las grandes transformaciones institucionales que necesitaba el pa\u00eds para alcanzar el desarrollo en los diferentes \u00f3rdenes. Fern\u00e1ndez hizo el [&hellip;]<\/p>\n","protected":false},"author":3,"featured_media":0,"comment_status":"open","ping_status":"open","sticky":false,"template":"","format":"standard","meta":{"footnotes":""},"categories":[22],"tags":[],"class_list":["post-162270","post","type-post","status-publish","format-standard","hentry","category-politica"],"_links":{"self":[{"href":"https:\/\/diariodominicano.com\/index.php?rest_route=\/wp\/v2\/posts\/162270","targetHints":{"allow":["GET"]}}],"collection":[{"href":"https:\/\/diariodominicano.com\/index.php?rest_route=\/wp\/v2\/posts"}],"about":[{"href":"https:\/\/diariodominicano.com\/index.php?rest_route=\/wp\/v2\/types\/post"}],"author":[{"embeddable":true,"href":"https:\/\/diariodominicano.com\/index.php?rest_route=\/wp\/v2\/users\/3"}],"replies":[{"embeddable":true,"href":"https:\/\/diariodominicano.com\/index.php?rest_route=%2Fwp%2Fv2%2Fcomments&post=162270"}],"version-history":[{"count":0,"href":"https:\/\/diariodominicano.com\/index.php?rest_route=\/wp\/v2\/posts\/162270\/revisions"}],"wp:attachment":[{"href":"https:\/\/diariodominicano.com\/index.php?rest_route=%2Fwp%2Fv2%2Fmedia&parent=162270"}],"wp:term":[{"taxonomy":"category","embeddable":true,"href":"https:\/\/diariodominicano.com\/index.php?rest_route=%2Fwp%2Fv2%2Fcategories&post=162270"},{"taxonomy":"post_tag","embeddable":true,"href":"https:\/\/diariodominicano.com\/index.php?rest_route=%2Fwp%2Fv2%2Ftags&post=162270"}],"curies":[{"name":"wp","href":"https:\/\/api.w.org\/{rel}","templated":true}]}}