{"id":162269,"date":"2014-09-01T13:53:29","date_gmt":"2014-09-01T13:53:29","guid":{"rendered":"http:\/\/diariodominicano.ddns.net\/?p=162269"},"modified":"2014-09-01T13:53:29","modified_gmt":"2014-09-01T13:53:29","slug":"el-comite-politico-del-pld-se-reunira-esta-noche","status":"publish","type":"post","link":"https:\/\/diariodominicano.com\/?p=162269","title":{"rendered":"El Comit\u00e9 Pol\u00edtico del PLD se reunir\u00e1 esta noche"},"content":{"rendered":"<p><body><\/p>\n<p><img decoding=\"async\" src=\"img3\/casa 1.php.html\" \/><br \/><img decoding=\"async\" src=\"img3\/comite 1.jpg\" \/>  <\/p>\n<p>Santo Domingo RD 1 s\u00e9ptiembre.- El Comit\u00e9 Pol\u00edtico del Partido de la Liberaci\u00f3n Dominicana (PLD) se reunir\u00e1 este lunes para conocer los informes de siete comisiones designadas para adecuar una serie de reglamentos internos y aplicar las decisiones adoptadas en el VIII Congreso Ordinario Comandante Norge Botello.<\/p>\n<\/p>\n<p>El secretario general de la PLD, Reinaldo Pared P\u00e9rez, dijo que la reuni\u00f3n es a las siete de la noche, en lugar de las ocho, hora habitual.<\/p>\n<\/p>\n<p>\u00abAl adelantar la hora buscamos conocer la mayor cantidad de los informes suministrados y procurar salir a horas temprana\u00bb declar\u00f3 Pared P\u00e9rez al reiterar la convocatoria mediante un comunicado de la Secretar\u00eda de Comunicaciones del PLD.<\/p>\n<\/p>\n<p>En la reuni\u00f3n se conocer\u00e1n los informes de distintas comisiones designadas por el Comit\u00e9 Pol\u00edtico, quienes entregaron ya sus documentaciones al organismo de direcci\u00f3n partidario.<\/p>\n<\/p>\n<p>El Comit\u00e9 Pol\u00edtico design\u00f3 comisiones para modificar el Reglamento del Comit\u00e9 Central, para el Reglamento de Funcionamiento de la Unidad de Fiscalizaci\u00f3n y Control, para Adecuar el Reglamento de Funcionamiento de los Secretariados, tambi\u00e9n para elaborar el Reglamento para el Funcionamiento del Tribunal de Disciplina y \u00c9tica, para redactar la normativa a seguir para la Elecci\u00f3n Org\u00e1nica y Multiplicaci\u00f3n de los Organismos y una comisi\u00f3n para definir las normas para revisar el padr\u00f3n de miembros del PLD.<\/p>\n<h6> 2014-09-01 13:53:29 <\/h6>\n<p><!--\n<link rel=\"stylesheet\" href=\"css\/bootstrap.min.css\">\n\n\n<ul class=\"pagination\">\n\t    \n\t\n\n<li >\n\t<a href='?page_no=14691'>Previous<\/a>\n\t<\/li>\n\n\n       \n    \n\n<li><a href='?page_no=1'>1<\/a><\/li>\n\n\n\n<li><a href='?page_no=2'>2<\/a><\/li>\n\n\n\n<li><a>...<\/a><\/li>\n\n\n\n<li><a href='?page_no=14690'>14690<\/a><\/li>\n\n\n\n<li><a href='?page_no=14691'>14691<\/a><\/li>\n\n\n\n<li class='active'><a>14692<\/a><\/li>\n\n\n\n<li><a href='?page_no=14693'>14693<\/a><\/li>\n\n\n\n<li><a href='?page_no=14694'>14694<\/a><\/li>\n\n\n\n<li><a>...<\/a><\/li>\n\n\n\n<li><a href='?page_no=36999'>36999<\/a><\/li>\n\n\n\n<li><a href='?page_no=37000'>37000<\/a><\/li>\n\n    \n\t\n\n<li >\n\t<a href='?page_no=14693'>Next<\/a>\n\t<\/li>\n\n\n    \n\n<li><a href='?page_no=37000'>Last &rsaquo;&rsaquo;<\/a><\/li>\n\n<\/ul>\n\n\n--><br \/>\n<\/body><\/p>\n","protected":false},"excerpt":{"rendered":"<p>Santo Domingo RD 1 s\u00e9ptiembre.- El Comit\u00e9 Pol\u00edtico del Partido de la Liberaci\u00f3n Dominicana (PLD) se reunir\u00e1 este lunes para conocer los informes de siete comisiones designadas para adecuar una serie de reglamentos internos y aplicar las decisiones adoptadas en el VIII Congreso Ordinario Comandante Norge Botello. El secretario general de la PLD, Reinaldo Pared [&hellip;]<\/p>\n","protected":false},"author":3,"featured_media":0,"comment_status":"open","ping_status":"open","sticky":false,"template":"","format":"standard","meta":{"footnotes":""},"categories":[22],"tags":[],"class_list":["post-162269","post","type-post","status-publish","format-standard","hentry","category-politica"],"_links":{"self":[{"href":"https:\/\/diariodominicano.com\/index.php?rest_route=\/wp\/v2\/posts\/162269","targetHints":{"allow":["GET"]}}],"collection":[{"href":"https:\/\/diariodominicano.com\/index.php?rest_route=\/wp\/v2\/posts"}],"about":[{"href":"https:\/\/diariodominicano.com\/index.php?rest_route=\/wp\/v2\/types\/post"}],"author":[{"embeddable":true,"href":"https:\/\/diariodominicano.com\/index.php?rest_route=\/wp\/v2\/users\/3"}],"replies":[{"embeddable":true,"href":"https:\/\/diariodominicano.com\/index.php?rest_route=%2Fwp%2Fv2%2Fcomments&post=162269"}],"version-history":[{"count":0,"href":"https:\/\/diariodominicano.com\/index.php?rest_route=\/wp\/v2\/posts\/162269\/revisions"}],"wp:attachment":[{"href":"https:\/\/diariodominicano.com\/index.php?rest_route=%2Fwp%2Fv2%2Fmedia&parent=162269"}],"wp:term":[{"taxonomy":"category","embeddable":true,"href":"https:\/\/diariodominicano.com\/index.php?rest_route=%2Fwp%2Fv2%2Fcategories&post=162269"},{"taxonomy":"post_tag","embeddable":true,"href":"https:\/\/diariodominicano.com\/index.php?rest_route=%2Fwp%2Fv2%2Ftags&post=162269"}],"curies":[{"name":"wp","href":"https:\/\/api.w.org\/{rel}","templated":true}]}}