{"id":162267,"date":"2014-09-01T15:22:24","date_gmt":"2014-09-01T15:22:24","guid":{"rendered":"http:\/\/diariodominicano.ddns.net\/?p=162267"},"modified":"2014-09-01T15:22:24","modified_gmt":"2014-09-01T15:22:24","slug":"proclaman-a-hipolito-mejia-como-el-mejor-y-mas-capaz-candidato-de-la-oposicion-para-el-2016","status":"publish","type":"post","link":"https:\/\/diariodominicano.com\/?p=162267","title":{"rendered":"&#13;Proclaman a Hip\u00f3lito Mej\u00eda como el mejor y m\u00e1s capaz candidato de la oposici\u00f3n para el 2016"},"content":{"rendered":"<p><body><\/p>\n<p><img decoding=\"async\" src=\"img3\/hipo 1.jpg\" \/>  <\/p>\n<\/p>\n<\/p>\n<p>31\/8\/2014<\/p>\n<\/p>\n<p>Inician recorridos por el pa\u00eds<\/p>\n<p>Proclaman a Hip\u00f3lito Mej\u00eda como el mejor y m\u00e1s capaz candidato de la oposici\u00f3n para el 2016<\/p>\n<p>\tEnviar a un amigo<\/p>\n<p> \u00abDebemos trabajar por Hip\u00f3lito Mej\u00eda como nuestro candidato ya que constituye la mejor opci\u00f3n que tiene la oposici\u00f3n para producir el cambio que demanda la sociedad\u00bb, dijo H\u00e9ctor Guzm\u00e1n, durante un recorrido realizado por los municipios de Santo Domingo Este, Santo Domingo Norte y Santo Domingo Oeste.<\/p>\n<\/p>\n<p> Guzm\u00e1n fue enf\u00e1tico al decir que \u00abno solo es ganar, se necesita hacer un gobierno en beneficio de la gente,  para lo cual habr\u00e1 que tomar decisiones duras y dif\u00edciles\u00bb y se pregunt\u00f3: \u00bfQui\u00e9n m\u00e1s que un hombre como Hip\u00f3lito quien demostr\u00f3 en el poder que no le tiemblan las manos para tomar decisiones en beneficio del pueblo? <\/p>\n<\/p>\n<p>El dirigente del Partido Revolucionario Mayoritario inform\u00f3 que durante este fin de semana celebramos encuentros con los dirigentes que siguen las orientaciones de Mej\u00eda y los exhortamos a que trabajen en la organizaci\u00f3n de los equipos a nivel municipal, regional, de zonas y de distritos, como parte del inicio de los trabajos a nivel nacional del Proyecto Con Papa para impulsar la Candidatura de HM, dijo Guzm\u00e1n. Inform\u00f3 que ese plan de trabajo se ejecuta a nivel nacional durante los fines de semana. <\/p>\n<\/p>\n<p>Destac\u00f3 que  en Puerto Plata fueron recorridos todos los municipios por una comisi\u00f3n de dirigentes nacionales encabezada por Cesar Cede\u00f1o, mientras que en la provincia de Santo Domingo encabezamos la comisi\u00f3n junto a M\u00e1ximo P\u00e9rez, isidro Torres, Robert Arias, Domingo Batista, Dario Liriano y Eddy Arango, entre otros dirigentes. <\/p>\n<\/p>\n<p>\u00abEl mensaje a los dirigentes fue una reiteraci\u00f3n de la necesidad de organizar a los equipos de apoyo a la Presidencia de la Republica del Proyecto Con Papa sobre la base de que constituye la mejor opci\u00f3n que tiene la oposici\u00f3n para producir el cambio que demanda la sociedad\u00bb dijo Guzm\u00e1n, quien es vocero del Presidente Mej\u00eda. <\/p>\n<\/p>\n<p>Destac\u00f3 las  condiciones del Presidente Mej\u00eda para enfrentar la crisis econ\u00f3mica y social y el desorden institucional que vive nuestro pa\u00eds. <\/p>\n<\/p>\n<p>\u00abNecesitamos\u00bb dijo \u00aben la conducci\u00f3n del gobierno, manos seguras, honestas, confiables, firmes y experimentadas, como las del  Presidente Mej\u00eda, un hombre honesto, sensible, solidario, con la sabidur\u00eda, la experiencia, la firmeza y el amor a su pueblo necesario para conducir el pa\u00eds por el camino del desarrollo y su bienestar. <\/p>\n<\/p>\n<p>Mej\u00eda, dijo Guzm\u00e1n \u00abes un l\u00edder popular que cuenta con el apoyo de la mayor\u00eda del pueblo lo cual qued\u00f3 demostrado en las pasadas elecciones que pese a que tuvo que enfrentar a todo el aparato del Estado y  a los traidores internos de su partido, fue capaz de obtener un 47% de los votos\u00bb <\/p>\n<\/p>\n<p>Es un verdadero l\u00edder, que cuenta con el carisma natural para conectar con su pueblo, que le habla claro y no  para enga\u00f1arlo. Un l\u00edder que ha demostrado su compromiso con los mejores intereses del pueblo dominicano, con los de arriba, con los del medio y con los de abajo, que apoya sin reservas al hombre de trabajo, a la juventud, a las mujeres y al sector productivo en sentido general, <\/p>\n<\/p>\n<p>Con ese l\u00edder del pueblo en capacidad de unir a todos los sectores de oposici\u00f3n y sensatos del pa\u00eds junto al PRM,  construiremos La Convergencia para llevar los mejores hombres y mujeres del pa\u00eds en nuestra boleta electoral y producir  el  cambio y el modelo de gobierno  que la sociedad demanda.<\/p>\n<\/p>\n<h6> 2014-09-01 15:22:24 <\/h6>\n<p><!--\n<link rel=\"stylesheet\" href=\"css\/bootstrap.min.css\">\n\n\n<ul class=\"pagination\">\n\t    \n\t\n\n<li >\n\t<a href='?page_no=14689'>Previous<\/a>\n\t<\/li>\n\n\n       \n    \n\n<li><a href='?page_no=1'>1<\/a><\/li>\n\n\n\n<li><a href='?page_no=2'>2<\/a><\/li>\n\n\n\n<li><a>...<\/a><\/li>\n\n\n\n<li><a href='?page_no=14688'>14688<\/a><\/li>\n\n\n\n<li><a href='?page_no=14689'>14689<\/a><\/li>\n\n\n\n<li class='active'><a>14690<\/a><\/li>\n\n\n\n<li><a href='?page_no=14691'>14691<\/a><\/li>\n\n\n\n<li><a href='?page_no=14692'>14692<\/a><\/li>\n\n\n\n<li><a>...<\/a><\/li>\n\n\n\n<li><a href='?page_no=36999'>36999<\/a><\/li>\n\n\n\n<li><a href='?page_no=37000'>37000<\/a><\/li>\n\n    \n\t\n\n<li >\n\t<a href='?page_no=14691'>Next<\/a>\n\t<\/li>\n\n\n    \n\n<li><a href='?page_no=37000'>Last &rsaquo;&rsaquo;<\/a><\/li>\n\n<\/ul>\n\n\n--><br \/>\n<\/body><\/p>\n","protected":false},"excerpt":{"rendered":"<p>31\/8\/2014 Inician recorridos por el pa\u00eds Proclaman a Hip\u00f3lito Mej\u00eda como el mejor y m\u00e1s capaz candidato de la oposici\u00f3n para el 2016 Enviar a un amigo \u00abDebemos trabajar por Hip\u00f3lito Mej\u00eda como nuestro candidato ya que constituye la mejor opci\u00f3n que tiene la oposici\u00f3n para producir el cambio que demanda la sociedad\u00bb, dijo H\u00e9ctor [&hellip;]<\/p>\n","protected":false},"author":3,"featured_media":0,"comment_status":"open","ping_status":"open","sticky":false,"template":"","format":"standard","meta":{"footnotes":""},"categories":[22],"tags":[],"class_list":["post-162267","post","type-post","status-publish","format-standard","hentry","category-politica"],"_links":{"self":[{"href":"https:\/\/diariodominicano.com\/index.php?rest_route=\/wp\/v2\/posts\/162267","targetHints":{"allow":["GET"]}}],"collection":[{"href":"https:\/\/diariodominicano.com\/index.php?rest_route=\/wp\/v2\/posts"}],"about":[{"href":"https:\/\/diariodominicano.com\/index.php?rest_route=\/wp\/v2\/types\/post"}],"author":[{"embeddable":true,"href":"https:\/\/diariodominicano.com\/index.php?rest_route=\/wp\/v2\/users\/3"}],"replies":[{"embeddable":true,"href":"https:\/\/diariodominicano.com\/index.php?rest_route=%2Fwp%2Fv2%2Fcomments&post=162267"}],"version-history":[{"count":0,"href":"https:\/\/diariodominicano.com\/index.php?rest_route=\/wp\/v2\/posts\/162267\/revisions"}],"wp:attachment":[{"href":"https:\/\/diariodominicano.com\/index.php?rest_route=%2Fwp%2Fv2%2Fmedia&parent=162267"}],"wp:term":[{"taxonomy":"category","embeddable":true,"href":"https:\/\/diariodominicano.com\/index.php?rest_route=%2Fwp%2Fv2%2Fcategories&post=162267"},{"taxonomy":"post_tag","embeddable":true,"href":"https:\/\/diariodominicano.com\/index.php?rest_route=%2Fwp%2Fv2%2Ftags&post=162267"}],"curies":[{"name":"wp","href":"https:\/\/api.w.org\/{rel}","templated":true}]}}