{"id":162265,"date":"2014-09-01T17:43:13","date_gmt":"2014-09-01T17:43:13","guid":{"rendered":"http:\/\/diariodominicano.ddns.net\/?p=162265"},"modified":"2014-09-01T17:43:13","modified_gmt":"2014-09-01T17:43:13","slug":"prsc-organiza-actos-toda-esta-semana-por-108-aniversario-natalicio-balaguer","status":"publish","type":"post","link":"https:\/\/diariodominicano.com\/?p=162265","title":{"rendered":"&#13;&#13;&#13;PRSC organiza actos toda esta semana por 108 aniversario natalicio Balaguer"},"content":{"rendered":"<p><body><\/p>\n<p><span class=\"text1noticias\"> <\/span><\/p>\n<\/p>\n<p><span class=\"text1noticias\"> <\/span><\/p>\n<p><span class=\"text1noticias\">Santo Domingo, RD, 1 de septiembre.-  El Partido Reformista Social Cristiano (PRSC) inici\u00f3 este lunes varias actividades con motivo del 108 aniversario del natalicio del fundador y l\u00edder hist\u00f3rico de esa organizaci\u00f3n, doctor Joaqu\u00edn Balaguer.<\/span><\/p>\n<p><span class=\"text1noticias\"> <\/span><\/p>\n<p><span class=\"text1noticias\">Las actividades comenzaron con  una ofrenda floral en el monumento memorial al ex Presidente de la Rep\u00fablica, en la Autopista Joaqu\u00edn Balaguer, en Santiago de los Caballeros, de donde era oriundo.<\/span><\/p>\n<\/p>\n<p><span class=\"text1noticias\">Los actos, que ser\u00e1n encabezadas por el presidente del PRSC, ingeniero Federico Ant\u00fan Batlle (Quique) y dem\u00e1s autoridades del partido, se desarrollaran tanto en Santiago como en la Capital.<\/span><\/p>\n<\/p>\n<p><span class=\"text1noticias\">En los actos tambi\u00e9n participa la Fundaci\u00f3n Joaqu\u00edn Balaguer que preside Rafael Bello Andino, que igualmente tiene organizadas varias actividades, como presentaci\u00f3n del documental \u00abVida, obra y legado de Joaquin Balaguer\u00bb.<\/span><\/p>\n<\/p>\n<p><span class=\"text1noticias\">Los actos con motivo del natalicio del l\u00edder reformista culminan el viernes con una conferencia titulada \u00abVigencia del pensamiento pol\u00edtico del Dr. Joaqu\u00edn Balaguer en el contexto pol\u00edtico actual\u00bb. Expositor ser\u00e1  el licenciado Sergio Cede\u00f1o\u00b4, asistente Ejecutivo del presidente del PRSC, ingeniero Quique Antun. El donde se desarrollar\u00e1 la conferencia ser\u00e1 el Instituto de Formaci\u00f3n Pol\u00edtica, de Santiago.<\/span><\/p>\n<p><span class=\"text1noticias\"> <\/span><\/p>\n<p><span class=\"text1noticias\">Actividades por  natalicio Joaqu\u00edn Balaguer<\/span><\/p>\n<p><span class=\"text1noticias\"> <\/span><\/p>\n<p><span class=\"text1noticias\">LUNES 1<\/span><\/p>\n<\/p>\n<p><span class=\"text1noticias\">1.     9:00 a.m.      Ofrenda Floral en monumento memorial al Dr. Joaqu\u00edn Balaguer. Autopista Joaqu\u00edn Balaguer, Santiago. Antigua Rotonda, Ensanche Libertad.<\/span><\/p>\n<\/p>\n<p><span class=\"text1noticias\">2.     9:00 a.m.       Presentaci\u00f3n: Vida, Obra y Legado de Joaquin Balaguer. Lugar: Fundaci\u00f3n Joaqu\u00edn Balaguer. <\/span><\/p>\n<\/p>\n<p><span class=\"text1noticias\">3.     11:00 a.m.   Presentaci\u00f3n: Vida, Obra y Legado de Joaqu\u00edn Balaguer. Lugar: Fundaci\u00f3n Joaqu\u00edn Balaguer. Lugar: Liga Municipal Dominicana.<\/span><\/p>\n<\/p>\n<p><span class=\"text1noticias\">4.     4:00 p.m.      Una flor roja por Joaquin Balaguer. Lugar: Cementerio Cristo Redentor. Organiza Carlos Rojas.<\/span><\/p>\n<\/p>\n<p><span class=\"text1noticias\">5.     5:00 p.m.      Misa en Iglesia San Jos\u00e9, Avenida Hermanas Mirabal, Santiago de los Caballeros.<\/span><\/p>\n<\/p>\n<p><span class=\"text1noticias\">MARTES 2<\/span><\/p>\n<p><span class=\"text1noticias\"> <\/span><\/p>\n<p><span class=\"text1noticias\">1.     10:00 a.m.            Acto de recibimiento de donaciones de libros en la Biblioteca Joaqu\u00edn Balaguer, Santiago.<\/span><\/p>\n<p><span class=\"text1noticias\"> <\/span><\/p>\n<p><span class=\"text1noticias\">MIERCOLES 3<\/span><\/p>\n<p><span class=\"text1noticias\"> <\/span><\/p>\n<p><span class=\"text1noticias\">1.     5:00 p.m.  &#8211; Conferencia \u00abEl rol  de la mujer en los gobiernos del Dr. Joaqu\u00edn Balaguer\u00bb. Expositora: Licda. Mirelys Uceta, Diputada al Parlamento Centroamericano y Miembro del Directorio Presidencial del PRSC. Lugar: Biblioteca Joaqu\u00edn Balaguer, Santiago.<\/span><\/p>\n<\/p>\n<p><span class=\"text1noticias\">2.     6:00 p.m. &#8211; Mesa Redonda \u00abHistoria de Joaqu\u00edn Balaguer\u00bb. Lugar: Foro Pedro Mir, Librer\u00eda Centro Cuesta.<\/span><\/p>\n<p><span class=\"text1noticias\"> <\/span><\/p>\n<p><span class=\"text1noticias\">JUEVES 4<\/span><\/p>\n<p><span class=\"text1noticias\"> <\/span><\/p>\n<p><span class=\"text1noticias\">1.     Conferencia \u00abAn\u00e1lisis comparado del joven Balaguer y el liderazgo juvenil del siglo XXI. Expositor: Dr. Ricardo Espaillat, miembro del Directorio Presidencial del PRSC. Lugar: Biblioteca Joaqu\u00edn Balaguer, Santiago.<\/span><\/p>\n<\/p>\n<p><span class=\"text1noticias\">VIERNES 5<\/span><\/p>\n<p><span class=\"text1noticias\"> <\/span><\/p>\n<p><span class=\"text1noticias\">1.     Conferencia \u00abVigencia del pensamiento pol\u00edtico del Dr. Joaqu\u00edn Balaguer en el contexto  pol\u00edtico actual\u00bb. Expositor: Lic. Sergio Cede\u00f1o\u00b4, Asistente Ejecutivo del Presidente del PRSC. Lugar:  Instituto de Formaci\u00f3n Pol\u00edtica, Santiago.<\/span><\/p>\n<\/p>\n<h6> 2014-09-01 17:43:13 <\/h6>\n<p><!--\n<link rel=\"stylesheet\" href=\"css\/bootstrap.min.css\">\n\n\n<ul class=\"pagination\">\n\t    \n\t\n\n<li >\n\t<a href='?page_no=14688'>Previous<\/a>\n\t<\/li>\n\n\n       \n    \n\n<li><a href='?page_no=1'>1<\/a><\/li>\n\n\n\n<li><a href='?page_no=2'>2<\/a><\/li>\n\n\n\n<li><a>...<\/a><\/li>\n\n\n\n<li><a href='?page_no=14687'>14687<\/a><\/li>\n\n\n\n<li><a href='?page_no=14688'>14688<\/a><\/li>\n\n\n\n<li class='active'><a>14689<\/a><\/li>\n\n\n\n<li><a href='?page_no=14690'>14690<\/a><\/li>\n\n\n\n<li><a href='?page_no=14691'>14691<\/a><\/li>\n\n\n\n<li><a>...<\/a><\/li>\n\n\n\n<li><a href='?page_no=36999'>36999<\/a><\/li>\n\n\n\n<li><a href='?page_no=37000'>37000<\/a><\/li>\n\n    \n\t\n\n<li >\n\t<a href='?page_no=14690'>Next<\/a>\n\t<\/li>\n\n\n    \n\n<li><a href='?page_no=37000'>Last &rsaquo;&rsaquo;<\/a><\/li>\n\n<\/ul>\n\n\n--><br \/>\n<\/body><\/p>\n","protected":false},"excerpt":{"rendered":"<p>Santo Domingo, RD, 1 de septiembre.- El Partido Reformista Social Cristiano (PRSC) inici\u00f3 este lunes varias actividades con motivo del 108 aniversario del natalicio del fundador y l\u00edder hist\u00f3rico de esa organizaci\u00f3n, doctor Joaqu\u00edn Balaguer. Las actividades comenzaron con una ofrenda floral en el monumento memorial al ex Presidente de la Rep\u00fablica, en la Autopista [&hellip;]<\/p>\n","protected":false},"author":3,"featured_media":0,"comment_status":"open","ping_status":"open","sticky":false,"template":"","format":"standard","meta":{"footnotes":""},"categories":[22],"tags":[],"class_list":["post-162265","post","type-post","status-publish","format-standard","hentry","category-politica"],"_links":{"self":[{"href":"https:\/\/diariodominicano.com\/index.php?rest_route=\/wp\/v2\/posts\/162265","targetHints":{"allow":["GET"]}}],"collection":[{"href":"https:\/\/diariodominicano.com\/index.php?rest_route=\/wp\/v2\/posts"}],"about":[{"href":"https:\/\/diariodominicano.com\/index.php?rest_route=\/wp\/v2\/types\/post"}],"author":[{"embeddable":true,"href":"https:\/\/diariodominicano.com\/index.php?rest_route=\/wp\/v2\/users\/3"}],"replies":[{"embeddable":true,"href":"https:\/\/diariodominicano.com\/index.php?rest_route=%2Fwp%2Fv2%2Fcomments&post=162265"}],"version-history":[{"count":0,"href":"https:\/\/diariodominicano.com\/index.php?rest_route=\/wp\/v2\/posts\/162265\/revisions"}],"wp:attachment":[{"href":"https:\/\/diariodominicano.com\/index.php?rest_route=%2Fwp%2Fv2%2Fmedia&parent=162265"}],"wp:term":[{"taxonomy":"category","embeddable":true,"href":"https:\/\/diariodominicano.com\/index.php?rest_route=%2Fwp%2Fv2%2Fcategories&post=162265"},{"taxonomy":"post_tag","embeddable":true,"href":"https:\/\/diariodominicano.com\/index.php?rest_route=%2Fwp%2Fv2%2Ftags&post=162265"}],"curies":[{"name":"wp","href":"https:\/\/api.w.org\/{rel}","templated":true}]}}