{"id":162262,"date":"2014-09-01T18:14:12","date_gmt":"2014-09-01T18:14:12","guid":{"rendered":"http:\/\/diariodominicano.ddns.net\/?p=162262"},"modified":"2014-09-01T18:14:12","modified_gmt":"2014-09-01T18:14:12","slug":"montas-proclama-en-bani-que-va-a-la-conquista-del-derecho-del-pueblo-a-comer","status":"publish","type":"post","link":"https:\/\/diariodominicano.com\/?p=162262","title":{"rendered":"&#13;&#13;Mont\u00e1s proclama en Ban\u00ed que va a la conquista del derecho del pueblo a comer"},"content":{"rendered":"<p><body><\/p>\n<p><img decoding=\"async\" src=\"img3\/temo.jpg\" \/>  <\/p>\n<\/p>\n<p><span class=\"text1noticias\">Ban\u00ed, RD, 1 de septiembre.- El ingeniero Tem\u00edstocles Mont\u00e1s moviliz\u00f3 a miles de banilejos por los principales barrios de esta ciudad luego de afirmar durante un acto en el Casino Peravia que los l\u00edderes del pa\u00eds tienen que reconocer que a pesar de los avances en materia de derechos pol\u00edticos y sociales, aun no se ha logrado el derecho pleno a la alimentaci\u00f3n de los dominicanos. <\/span><\/p>\n<\/p>\n<p><span class=\"text1noticias\">Mont\u00e1s sostuvo que con la lucha de varias generaciones \u00abhemos conquistado derechos pol\u00edticos y sociales\u00bb, pero los dominicanos aun no tienen \u00ablas tres (comidas) calientes\u00bb como reclamaba el profesor Juan Bosch a inicios de los a\u00f1os sesenta del siglo pasado y que hoy est\u00e1n consagradas en la Constituci\u00f3n como derechos econ\u00f3micos.<\/span><\/p>\n<\/p>\n<p><span class=\"text1noticias\">El aspirante a la candidatura presidencial por el Partido de la Liberaci\u00f3n Dominicana (PLD) record\u00f3 que el a\u00f1o pasado se hizo una encuesta en toda Am\u00e9rica Latina y arroj\u00f3 que el 62% de los dominicanos no ten\u00edan ingresos suficientes para sufragar sus gastos m\u00e1s elementales, la que result\u00f3 ser la cifra m\u00e1s alta de Latinoam\u00e9rica.<\/span><\/p>\n<\/p>\n<p><span class=\"text1noticias\">\u00abEl hecho de que seamos el pa\u00eds donde la mayor proporci\u00f3n de su poblaci\u00f3n reconoce que lo que gana no le da ni siquiera para completar el mes, es un asunto que tiene que mover la atenci\u00f3n del Estado dominicano\u00bb, sostuvo Mont\u00e1s.<\/span><\/p>\n<\/p>\n<p><span class=\"text1noticias\">Dijo que la Constituci\u00f3n tambi\u00e9n garantiza el derecho al empleo y a un salario digno que posibilite resolver sus problemas fundamentales. \u00abPor eso luchamos para que los salarios en la administraci\u00f3n p\u00fablica y el sector privado permitan a la gente vivir con dignidad\u00bb, agreg\u00f3 el alto dirigente del PLD.<\/span><\/p>\n<\/p>\n<p><span class=\"text1noticias\">Durante su discurso, el dirigente del Comit\u00e9 Pol\u00edtico del PLD manifest\u00f3 su apoyo a las aspiraciones del comerciante Julio Santos para ser el pr\u00f3ximo alcalde del municipio de Ban\u00ed, porque \u00abha sido un luchador social de muchos a\u00f1os. Ha dedicado su vida a la lucha por una sociedad justa. Ban\u00ed necesita un s\u00edndico con las cualidades de Julio Santos\u00bb, puntualiz\u00f3.<\/span><\/p>\n<\/p>\n<p><span class=\"text1noticias\">Tras el acto masivo celebrado en el Casino Peravia, frente a la catedral Nuestra Se\u00f1ora de Regla, Mont\u00e1s estuvo al frente de una caravana marcha que recorri\u00f3 los principales barrios, calles y avenidas de la ciudad.<\/span><\/p>\n<\/p>\n<p><span class=\"text1noticias\">El recorrido abarc\u00f3 los barrios Jes\u00fas de Nazaret, Los Cajuilitos, La Saona, La Regola, Santa Cruz, 24 de Abril, Pueblo Abajo y concluy\u00f3 en el parque Marcos A. Cabral del centro de la ciudad de Ban\u00ed.<\/span><\/p>\n<\/p>\n<p><span class=\"text1noticias\">\u00abNo se puede lograr la libertad plena si los dominicanos carecen de recursos para comprar una salchicha\u00bb, expres\u00f3 Mont\u00e1s, tras agregar que \u00abBosch cre\u00f3 al PLD para garantizar la libertad, pero tambi\u00e9n el derecho a la salud, a la educaci\u00f3n, vejez digna\u00bb, dijo <\/span><\/p>\n<p><span class=\"text1noticias\">Mont\u00e1s, seg\u00fan una nota de su equipo de prensa.<\/span><\/p>\n<\/p>\n<p><span class=\"text1noticias\">Manifest\u00f3 que el PLD tiene que continuar la lucha por la equidad social, la solidaridad y la seguridad ciudadana en el pa\u00eds. <\/span><\/p>\n<p><span class=\"text1noticias\">\u00abBusco la candidatura del PLD porque me he preparado para dirigir un gobierno que garantice la conquista de los derechos econ\u00f3micos y sociales\u00bb, indic\u00f3 Mont\u00e1s, quien de inmediato pidi\u00f3 a las bases del partido morado que no permitan retrocesos para el pa\u00eds. <\/span><\/p>\n<\/p>\n<p><span class=\"text1noticias\">Dijo que su aspiraci\u00f3n presidencial se fundamenta en el inter\u00e9s de que \u00abel PLD vuelva a ser el partido que ilumin\u00f3 a la juventud y que sirva a la sociedad y no que los pelede\u00edstas se sirvan del poder\u00bb.<\/span><\/p>\n<p><span class=\"text1noticias\">Mont\u00e1s puntualiz\u00f3 que lo correcto es que el PLD sea \u00abun partido que le sirva a los dominicanos y que trabaje para que los pobres vivan con dignidad en Rep\u00fablica Dominicana\u00bb.<\/span><\/p>\n<\/p>\n<p><span class=\"text1noticias\">Durante su discurso, el dirigente del Comit\u00e9 Pol\u00edtico del PLD manifest\u00f3 su apoyo a las aspiraciones del comerciante Julio Santos para ser el pr\u00f3ximo alcalde del municipio de Ban\u00ed, porque \u00abha sido un luchador social de muchos a\u00f1os. Ha dedicado su vida a la lucha por una sociedad justa. Ban\u00ed necesita un s\u00edndico con las cualidades de Julio Santos\u00bb, puntualiz\u00f3.<\/span><\/p>\n<\/p>\n<p><span class=\"text1noticias\">Tras el acto masivo celebrado en el Casino Peravia, frente a la catedral Nuestra Se\u00f1ora de Regla, Mont\u00e1s estuvo al frente de una caravana marcha que recorri\u00f3 los principales barrios, calles y avenidas de la ciudad.<\/span><\/p>\n<\/p>\n<p><span class=\"text1noticias\">El recorrido abarc\u00f3 los barrios Jes\u00fas de Nazaret, Los Cajuilitos, La Saona, La Regola, Santa Cruz, 24 de Abril, Pueblo Abajo y concluy\u00f3 en el parque Marcos A. Cabral del centro de la ciudad de Ban\u00ed. <\/span><\/p>\n<h6> 2014-09-01 18:14:12 <\/h6>\n<p><!--\n<link rel=\"stylesheet\" href=\"css\/bootstrap.min.css\">\n\n\n<ul class=\"pagination\">\n\t    \n\t\n\n<li >\n\t<a href='?page_no=14685'>Previous<\/a>\n\t<\/li>\n\n\n       \n    \n\n<li><a href='?page_no=1'>1<\/a><\/li>\n\n\n\n<li><a href='?page_no=2'>2<\/a><\/li>\n\n\n\n<li><a>...<\/a><\/li>\n\n\n\n<li><a href='?page_no=14684'>14684<\/a><\/li>\n\n\n\n<li><a href='?page_no=14685'>14685<\/a><\/li>\n\n\n\n<li class='active'><a>14686<\/a><\/li>\n\n\n\n<li><a href='?page_no=14687'>14687<\/a><\/li>\n\n\n\n<li><a href='?page_no=14688'>14688<\/a><\/li>\n\n\n\n<li><a>...<\/a><\/li>\n\n\n\n<li><a href='?page_no=36999'>36999<\/a><\/li>\n\n\n\n<li><a href='?page_no=37000'>37000<\/a><\/li>\n\n    \n\t\n\n<li >\n\t<a href='?page_no=14687'>Next<\/a>\n\t<\/li>\n\n\n    \n\n<li><a href='?page_no=37000'>Last &rsaquo;&rsaquo;<\/a><\/li>\n\n<\/ul>\n\n\n--><br \/>\n<\/body><\/p>\n","protected":false},"excerpt":{"rendered":"<p>Ban\u00ed, RD, 1 de septiembre.- El ingeniero Tem\u00edstocles Mont\u00e1s moviliz\u00f3 a miles de banilejos por los principales barrios de esta ciudad luego de afirmar durante un acto en el Casino Peravia que los l\u00edderes del pa\u00eds tienen que reconocer que a pesar de los avances en materia de derechos pol\u00edticos y sociales, aun no se [&hellip;]<\/p>\n","protected":false},"author":3,"featured_media":0,"comment_status":"open","ping_status":"open","sticky":false,"template":"","format":"standard","meta":{"footnotes":""},"categories":[22],"tags":[],"class_list":["post-162262","post","type-post","status-publish","format-standard","hentry","category-politica"],"_links":{"self":[{"href":"https:\/\/diariodominicano.com\/index.php?rest_route=\/wp\/v2\/posts\/162262","targetHints":{"allow":["GET"]}}],"collection":[{"href":"https:\/\/diariodominicano.com\/index.php?rest_route=\/wp\/v2\/posts"}],"about":[{"href":"https:\/\/diariodominicano.com\/index.php?rest_route=\/wp\/v2\/types\/post"}],"author":[{"embeddable":true,"href":"https:\/\/diariodominicano.com\/index.php?rest_route=\/wp\/v2\/users\/3"}],"replies":[{"embeddable":true,"href":"https:\/\/diariodominicano.com\/index.php?rest_route=%2Fwp%2Fv2%2Fcomments&post=162262"}],"version-history":[{"count":0,"href":"https:\/\/diariodominicano.com\/index.php?rest_route=\/wp\/v2\/posts\/162262\/revisions"}],"wp:attachment":[{"href":"https:\/\/diariodominicano.com\/index.php?rest_route=%2Fwp%2Fv2%2Fmedia&parent=162262"}],"wp:term":[{"taxonomy":"category","embeddable":true,"href":"https:\/\/diariodominicano.com\/index.php?rest_route=%2Fwp%2Fv2%2Fcategories&post=162262"},{"taxonomy":"post_tag","embeddable":true,"href":"https:\/\/diariodominicano.com\/index.php?rest_route=%2Fwp%2Fv2%2Ftags&post=162262"}],"curies":[{"name":"wp","href":"https:\/\/api.w.org\/{rel}","templated":true}]}}