{"id":162261,"date":"2014-09-01T18:25:48","date_gmt":"2014-09-01T18:25:48","guid":{"rendered":"http:\/\/diariodominicano.ddns.net\/?p=162261"},"modified":"2014-09-01T18:25:48","modified_gmt":"2014-09-01T18:25:48","slug":"fafa-taveras-gobierno-quiere-embobar-a-poblacion-con-ley-loma-miranda","status":"publish","type":"post","link":"https:\/\/diariodominicano.com\/?p=162261","title":{"rendered":"&#13;&#13;&#13;&#13;Fafa Taveras: Gobierno quiere embobar a poblaci\u00f3n con ley  Loma Miranda."},"content":{"rendered":"<p><body><\/p>\n<p><img decoding=\"async\" src=\"http:\/\/localhost:8080\/img3\/fafa.jpg\" \/>  <\/p>\n<\/p>\n<p><span class=\"text1noticias\">Santo Domingo, RD, 1 de septiembre.- El dirigente del Partido Revolucionario Dominicano (PRD) dijo que el presidente Danilo Medina trata de \u00abembobar\u00bb a la poblaci\u00f3n con la discutida ley que declara a Loma Miranda Parque Nacional y que este es un gobierno sin inmunidad aparente.<\/span><\/p>\n<\/p>\n<p><span class=\"text1noticias\">\u00abEl  pueblo  est\u00e1 a la espera de que se  tome una clara decisi\u00f3n, ya que al frente de esta demanda hay una ciudadan\u00eda que se ha convertido en un grito de una cuesti\u00f3n nacional que va m\u00e1s all\u00e1 de la pol\u00edtica econ\u00f3mica\u00bb, expres\u00f3.<\/span><\/p>\n<\/p>\n<p><span class=\"text1noticias\">Al participar como invitado  en el programa Pantalla Abierta que se difunde de lunes a viernes de 6:00 AM-9:AM por el canal 36, el cual es conducido por el doctor Rafael Franco, los ingenieros Thom\u00e1s Hern\u00e1ndez Alberto, Johnny Marte y la licenciada Sonia Tejada, destac\u00f3 que existen intereses que imposibilitan la toma de decisi\u00f3n  por parte de este gobierno.<\/span><\/p>\n<\/p>\n<p><span class=\"text1noticias\">Destac\u00f3 de   que  el gobierno es una actitud inteligente \u00abporque hay hay una estrategia interna donde el  el Partido de la Liberaci\u00f3n no puede zafarse de esta propiedad\u00bb.<\/span><\/p>\n<\/p>\n<p><span class=\"text1noticias\">En tanto, el doctor Franco, record\u00f3 sobre lo que revela  el informe del Programa de las Naciones Unidas Para el Desarrollo (PNUD) , en que \u00abhay un conglomerado social que no esta apto para aceptar la explotaci\u00f3n de Loma Miranda,  pero que  no dice que cient\u00edficamente no se pueda\u00bb, record\u00f3.<\/span><\/p>\n<h6> 2014-09-01 18:25:48 <\/h6>\n<p><!--\n<link rel=\"stylesheet\" href=\"css\/bootstrap.min.css\">\n\n\n<ul class=\"pagination\">\n\t    \n\t\n\n<li >\n\t<a href='?page_no=14684'>Previous<\/a>\n\t<\/li>\n\n\n       \n    \n\n<li><a href='?page_no=1'>1<\/a><\/li>\n\n\n\n<li><a href='?page_no=2'>2<\/a><\/li>\n\n\n\n<li><a>...<\/a><\/li>\n\n\n\n<li><a href='?page_no=14683'>14683<\/a><\/li>\n\n\n\n<li><a href='?page_no=14684'>14684<\/a><\/li>\n\n\n\n<li class='active'><a>14685<\/a><\/li>\n\n\n\n<li><a href='?page_no=14686'>14686<\/a><\/li>\n\n\n\n<li><a href='?page_no=14687'>14687<\/a><\/li>\n\n\n\n<li><a>...<\/a><\/li>\n\n\n\n<li><a href='?page_no=36999'>36999<\/a><\/li>\n\n\n\n<li><a href='?page_no=37000'>37000<\/a><\/li>\n\n    \n\t\n\n<li >\n\t<a href='?page_no=14686'>Next<\/a>\n\t<\/li>\n\n\n    \n\n<li><a href='?page_no=37000'>Last &rsaquo;&rsaquo;<\/a><\/li>\n\n<\/ul>\n\n\n--><br \/>\n<\/body><\/p>\n","protected":false},"excerpt":{"rendered":"<p>Santo Domingo, RD, 1 de septiembre.- El dirigente del Partido Revolucionario Dominicano (PRD) dijo que el presidente Danilo Medina trata de \u00abembobar\u00bb a la poblaci\u00f3n con la discutida ley que declara a Loma Miranda Parque Nacional y que este es un gobierno sin inmunidad aparente. \u00abEl pueblo est\u00e1 a la espera de que se tome [&hellip;]<\/p>\n","protected":false},"author":3,"featured_media":0,"comment_status":"open","ping_status":"open","sticky":false,"template":"","format":"standard","meta":{"footnotes":""},"categories":[22],"tags":[],"class_list":["post-162261","post","type-post","status-publish","format-standard","hentry","category-politica"],"_links":{"self":[{"href":"https:\/\/diariodominicano.com\/index.php?rest_route=\/wp\/v2\/posts\/162261","targetHints":{"allow":["GET"]}}],"collection":[{"href":"https:\/\/diariodominicano.com\/index.php?rest_route=\/wp\/v2\/posts"}],"about":[{"href":"https:\/\/diariodominicano.com\/index.php?rest_route=\/wp\/v2\/types\/post"}],"author":[{"embeddable":true,"href":"https:\/\/diariodominicano.com\/index.php?rest_route=\/wp\/v2\/users\/3"}],"replies":[{"embeddable":true,"href":"https:\/\/diariodominicano.com\/index.php?rest_route=%2Fwp%2Fv2%2Fcomments&post=162261"}],"version-history":[{"count":0,"href":"https:\/\/diariodominicano.com\/index.php?rest_route=\/wp\/v2\/posts\/162261\/revisions"}],"wp:attachment":[{"href":"https:\/\/diariodominicano.com\/index.php?rest_route=%2Fwp%2Fv2%2Fmedia&parent=162261"}],"wp:term":[{"taxonomy":"category","embeddable":true,"href":"https:\/\/diariodominicano.com\/index.php?rest_route=%2Fwp%2Fv2%2Fcategories&post=162261"},{"taxonomy":"post_tag","embeddable":true,"href":"https:\/\/diariodominicano.com\/index.php?rest_route=%2Fwp%2Fv2%2Ftags&post=162261"}],"curies":[{"name":"wp","href":"https:\/\/api.w.org\/{rel}","templated":true}]}}