{"id":162260,"date":"2014-09-01T18:35:49","date_gmt":"2014-09-01T18:35:49","guid":{"rendered":"http:\/\/diariodominicano.ddns.net\/?p=162260"},"modified":"2014-09-01T18:35:49","modified_gmt":"2014-09-01T18:35:49","slug":"el-presidente-del-prm-andres-bautista-insta-a-la-unidad-y-participacion-mientras-juramenta-frente-de-abogados-prm","status":"publish","type":"post","link":"https:\/\/diariodominicano.com\/?p=162260","title":{"rendered":"&#13;El presidente del PRM Andr\u00e9s Bautista insta a la unidad y participaci\u00f3n mientras juramenta Frente de Abogados PRM"},"content":{"rendered":"<p><body><\/p>\n<p><img decoding=\"async\" src=\"img3\/frenteabogados.jpg\" \/>  <\/p>\n<\/p>\n<p><span class=\"text1noticias\">Santo Domingo, RD, 1 de septiembre.- El presidente del Partido Revolucionario Mayoritario (PRM), Andr\u00e9s Bautista, juramento cientos de abogados pertenecientes al Frente Nacional de Abogados del PRM, exhorto a los juristas miembros de la entidad trabajen unidos, \u00abindependientemente de los intereses personales y de las diferencias\u00bb.<\/span><\/p>\n<\/p>\n<p><span class=\"text1noticias\">Manifest\u00f3 que el PRM es una organizaci\u00f3n pol\u00edtica participativa donde todas y todos tienen derecho de aspirar, manteniendo la unidad asegurando que esa es la \u00fanica manera de obtener el triunfo frente al PLD, al que acusa de establecer \u00abla corrupci\u00f3n y la impunidad como una forma de pol\u00edtica debida\u00bb.<\/span><\/p>\n<\/p>\n<p><span class=\"text1noticias\">Advirti\u00f3 que no se puede hablar de democracia donde no hay derecho ni justicia. \u00abCuando uno ve las encuestas que establecen que un 83% de la poblaci\u00f3n dominicana no cree en la justicia demuestra en qu\u00e9 lugar tan bajo ha ca\u00eddo la justicia en Rep\u00fablica Dominicana\u00bb.<\/span><\/p>\n<\/p>\n<p><span class=\"text1noticias\">Inst\u00f3 a los juristas a actuar apegados a la \u00e9tica, ahora y cuando les corresponda asumir funciones en el Estado. Dijo que en el pa\u00eds se requiere una revoluci\u00f3n moral e institucional para cambiar el rumbo al que la ha llevado el pelede\u00edsmo.<\/span><\/p>\n<\/p>\n<p><span class=\"text1noticias\">En tanto, la Licda. Carolina Serrata M\u00e9ndez, Presidenta de los Abogados J\u00f3venes del Frente critico la falta de institucionalidad en el pa\u00eds y consider\u00f3 que el actual Colegio de Abogados est\u00e1 ajeno a las problem\u00e1ticas jur\u00eddicas y sociales y un Poder Judicial, \u00ablamentablemente ligado a los intereses del oficialismo\u00bb. <\/span><\/p>\n<\/p>\n<p><span class=\"text1noticias\">De igual forma estableci\u00f3 que el Frente de abogados se har\u00e1 eco a los reclamos de las mayor\u00edas, como es \u00abla necesidad imperiosa de la aprobaci\u00f3n de la Ley de Partidos pol\u00edticos, donde se establezca la transparencia de los fondos a utilizar en las campa\u00f1as electorales y una cuota equitativa de participaci\u00f3n a las Mujeres y la Juventud\u00bb <\/span><\/p>\n<\/p>\n<p><span class=\"text1noticias\">De igual forma la Dra. Belgia Soler, Presidenta del Frente, exhort\u00f3 a sus colegas a defender a los juristas, as\u00ed como a la poblaci\u00f3n que se ha quedado sin representaci\u00f3n ante tantos abusos cometidos desde las c\u00fapulas de poder y que el frente la responsabilidad de organizar y dirigir la defensa, lucha y reivindicaciones de la clase jur\u00eddica del pa\u00eds.<\/span><\/p>\n<\/p>\n<p><span class=\"text1noticias\">En el acto estuvieron presentes adem\u00e1s, Geanilda V\u00e1squez, Secretaria Nacional de Organizaci\u00f3n del PRM; H\u00e9ctor Guzm\u00e1n en representaci\u00f3n del expresidente Hip\u00f3lito Mej\u00eda; Rafael Santos, en representaci\u00f3n de Lu\u00eds Abinader, Rafael Fafa Taveras, coordinador de los Frentes de Masas,  tambi\u00e9n Jean Lu\u00eds Rodr\u00edguez, Presidente de la Juventud PRM; Ram\u00f3n Acosta, Dar\u00edo de Jes\u00fas, Sarah Sol\u00eds.<\/span><\/p>\n<\/p>\n<p><span class=\"text1noticias\">Participaron en la actividad Ana Hilda Nova,  Adolfo Francisco Terrero, Sol\u00eds Suero, Frank Abreu,  Gamaliel P\u00e9rez, Cristian Ceballos, Julio Ortiz, Andr\u00e9s Pantale\u00f3n, Jos\u00e9 Medrano, el diputado Francisco Antonio de los Santos, entre otros.<\/span><\/p>\n<h6> 2014-09-01 18:35:49 <\/h6>\n<p><!--\n<link rel=\"stylesheet\" href=\"css\/bootstrap.min.css\">\n\n\n<ul class=\"pagination\">\n\t    \n\t\n\n<li >\n\t<a href='?page_no=14683'>Previous<\/a>\n\t<\/li>\n\n\n       \n    \n\n<li><a href='?page_no=1'>1<\/a><\/li>\n\n\n\n<li><a href='?page_no=2'>2<\/a><\/li>\n\n\n\n<li><a>...<\/a><\/li>\n\n\n\n<li><a href='?page_no=14682'>14682<\/a><\/li>\n\n\n\n<li><a href='?page_no=14683'>14683<\/a><\/li>\n\n\n\n<li class='active'><a>14684<\/a><\/li>\n\n\n\n<li><a href='?page_no=14685'>14685<\/a><\/li>\n\n\n\n<li><a href='?page_no=14686'>14686<\/a><\/li>\n\n\n\n<li><a>...<\/a><\/li>\n\n\n\n<li><a href='?page_no=36999'>36999<\/a><\/li>\n\n\n\n<li><a href='?page_no=37000'>37000<\/a><\/li>\n\n    \n\t\n\n<li >\n\t<a href='?page_no=14685'>Next<\/a>\n\t<\/li>\n\n\n    \n\n<li><a href='?page_no=37000'>Last &rsaquo;&rsaquo;<\/a><\/li>\n\n<\/ul>\n\n\n--><br \/>\n<\/body><\/p>\n","protected":false},"excerpt":{"rendered":"<p>Santo Domingo, RD, 1 de septiembre.- El presidente del Partido Revolucionario Mayoritario (PRM), Andr\u00e9s Bautista, juramento cientos de abogados pertenecientes al Frente Nacional de Abogados del PRM, exhorto a los juristas miembros de la entidad trabajen unidos, \u00abindependientemente de los intereses personales y de las diferencias\u00bb. Manifest\u00f3 que el PRM es una organizaci\u00f3n pol\u00edtica participativa [&hellip;]<\/p>\n","protected":false},"author":3,"featured_media":0,"comment_status":"open","ping_status":"open","sticky":false,"template":"","format":"standard","meta":{"footnotes":""},"categories":[22],"tags":[],"class_list":["post-162260","post","type-post","status-publish","format-standard","hentry","category-politica"],"_links":{"self":[{"href":"https:\/\/diariodominicano.com\/index.php?rest_route=\/wp\/v2\/posts\/162260","targetHints":{"allow":["GET"]}}],"collection":[{"href":"https:\/\/diariodominicano.com\/index.php?rest_route=\/wp\/v2\/posts"}],"about":[{"href":"https:\/\/diariodominicano.com\/index.php?rest_route=\/wp\/v2\/types\/post"}],"author":[{"embeddable":true,"href":"https:\/\/diariodominicano.com\/index.php?rest_route=\/wp\/v2\/users\/3"}],"replies":[{"embeddable":true,"href":"https:\/\/diariodominicano.com\/index.php?rest_route=%2Fwp%2Fv2%2Fcomments&post=162260"}],"version-history":[{"count":0,"href":"https:\/\/diariodominicano.com\/index.php?rest_route=\/wp\/v2\/posts\/162260\/revisions"}],"wp:attachment":[{"href":"https:\/\/diariodominicano.com\/index.php?rest_route=%2Fwp%2Fv2%2Fmedia&parent=162260"}],"wp:term":[{"taxonomy":"category","embeddable":true,"href":"https:\/\/diariodominicano.com\/index.php?rest_route=%2Fwp%2Fv2%2Fcategories&post=162260"},{"taxonomy":"post_tag","embeddable":true,"href":"https:\/\/diariodominicano.com\/index.php?rest_route=%2Fwp%2Fv2%2Ftags&post=162260"}],"curies":[{"name":"wp","href":"https:\/\/api.w.org\/{rel}","templated":true}]}}