{"id":162259,"date":"2014-09-02T01:07:32","date_gmt":"2014-09-02T01:07:32","guid":{"rendered":"http:\/\/diariodominicano.ddns.net\/?p=162259"},"modified":"2014-09-02T01:07:32","modified_gmt":"2014-09-02T01:07:32","slug":"comite-politico-del-pld-esta-reunido-en-la-oficina-presidencial","status":"publish","type":"post","link":"https:\/\/diariodominicano.com\/?p=162259","title":{"rendered":"Comit\u00e9 Pol\u00edtico del PLD est\u00e1 reunido en la Oficina Presidencial"},"content":{"rendered":"<p><body><\/p>\n<p><img decoding=\"async\" src=\"img3\/LRS_9647.JPG\" \/>  <\/p>\n<p><span class=\"text1noticias\">Santo Domingo, R. D., 1 de septiembre.- El Presidente  de la Rep\u00fablica,  Danilo Medina, el Presidente del Partido de la Liberaci\u00f3n Dominicana, Leonel Fern\u00e1ndez, el Secretario General del PLD, Reinaldo Pared P\u00e9rez, y la vicepresidenta de la Rep\u00fablica,  Margarita Cede\u00f1o de Fern\u00e1ndez, encabezan la reuni\u00f3n del Comit\u00e9 Pol\u00edtico del PLD que desde las 7:15 de la noche de este lunes se desarrolla en el Sal\u00f3n Juan Bosch de la Oficina Presidencial de la organizaci\u00f3n  en la zona universitaria,  de la ciudad capital.<\/span><\/p>\n<p><span class=\"text1noticias\"> <\/span><\/p>\n<p><span class=\"text1noticias\">Con 32 de los 35 miembros del organismo de direcci\u00f3n  presentes se conocen los informes de siete comisiones designadas para redactar los reglamentos de funcionamiento interno del Partido y aplicar las resoluciones adoptadas en el reci\u00e9n finalizado  VIII Congreso Ordinario Comandante Norge Botello.<\/span><\/p>\n<p><span class=\"text1noticias\"> <\/span><\/p>\n<p><span class=\"text1noticias\">Los informes comenzaron a conocerse hace una semana quedando sobre la mesa  para la reuni\u00f3n de este lunes en un encuentro una hora antes de lo habitual que es las  ocho de la noche.<\/span><\/p>\n<p><span class=\"text1noticias\"> <\/span><\/p>\n<p><span class=\"text1noticias\">En julio pasado quedaron conformadas   comisiones para modificar el Reglamento del Comit\u00e9 Central, para el Reglamento de Funcionamiento de la Unidad de Fiscalizaci\u00f3n y Control, para Adecuar el Reglamento de Funcionamiento de los Secretariados, tambi\u00e9n para elaborar el Reglamento para el Funcionamiento del Tribunal de Disciplina y \u00c9tica, para redactar la normativa a seguir para la Elecci\u00f3n Org\u00e1nica y Multiplicaci\u00f3n de los Organismos y una comisi\u00f3n para definir las normas para revisar el padr\u00f3n de miembros del PLD.<\/span><\/p>\n<p><span class=\"text1noticias\"> <\/span><\/p>\n<p><span class=\"text1noticias\">Estas comisiones en m\u00faltiples encuentros redactaron los informes encomendados,  los que se entregaron a la direcci\u00f3n del PLD y esta noche son objeto de an\u00e1lisis y discusi\u00f3n para fijar una posici\u00f3n final en torno a ello.<\/span><\/p>\n<p><span class=\"text1noticias\"> <\/span><\/p>\n<p><span class=\"text1noticias\">Antes de iniciar de manera formal la reuni\u00f3n se permiti\u00f3 la entrada de fot\u00f3grafos y camar\u00f3grafos quienes tomaron las im\u00e1genes de apoyo a las historias de los redactores, quienes aguardan en las afueras del recinto la culminaci\u00f3n de la reuni\u00f3n para recibir los resultados finales del encue<\/span>ntro.<\/p>\n<h6> 2014-09-02 01:07:32 <\/h6>\n<p><!--\n<link rel=\"stylesheet\" href=\"css\/bootstrap.min.css\">\n\n\n<ul class=\"pagination\">\n\t    \n\t\n\n<li >\n\t<a href='?page_no=14682'>Previous<\/a>\n\t<\/li>\n\n\n       \n    \n\n<li><a href='?page_no=1'>1<\/a><\/li>\n\n\n\n<li><a href='?page_no=2'>2<\/a><\/li>\n\n\n\n<li><a>...<\/a><\/li>\n\n\n\n<li><a href='?page_no=14681'>14681<\/a><\/li>\n\n\n\n<li><a href='?page_no=14682'>14682<\/a><\/li>\n\n\n\n<li class='active'><a>14683<\/a><\/li>\n\n\n\n<li><a href='?page_no=14684'>14684<\/a><\/li>\n\n\n\n<li><a href='?page_no=14685'>14685<\/a><\/li>\n\n\n\n<li><a>...<\/a><\/li>\n\n\n\n<li><a href='?page_no=36999'>36999<\/a><\/li>\n\n\n\n<li><a href='?page_no=37000'>37000<\/a><\/li>\n\n    \n\t\n\n<li >\n\t<a href='?page_no=14684'>Next<\/a>\n\t<\/li>\n\n\n    \n\n<li><a href='?page_no=37000'>Last &rsaquo;&rsaquo;<\/a><\/li>\n\n<\/ul>\n\n\n--><br \/>\n<\/body><\/p>\n","protected":false},"excerpt":{"rendered":"<p>Santo Domingo, R. D., 1 de septiembre.- El Presidente de la Rep\u00fablica, Danilo Medina, el Presidente del Partido de la Liberaci\u00f3n Dominicana, Leonel Fern\u00e1ndez, el Secretario General del PLD, Reinaldo Pared P\u00e9rez, y la vicepresidenta de la Rep\u00fablica, Margarita Cede\u00f1o de Fern\u00e1ndez, encabezan la reuni\u00f3n del Comit\u00e9 Pol\u00edtico del PLD que desde las 7:15 de [&hellip;]<\/p>\n","protected":false},"author":3,"featured_media":0,"comment_status":"open","ping_status":"open","sticky":false,"template":"","format":"standard","meta":{"footnotes":""},"categories":[22],"tags":[],"class_list":["post-162259","post","type-post","status-publish","format-standard","hentry","category-politica"],"_links":{"self":[{"href":"https:\/\/diariodominicano.com\/index.php?rest_route=\/wp\/v2\/posts\/162259","targetHints":{"allow":["GET"]}}],"collection":[{"href":"https:\/\/diariodominicano.com\/index.php?rest_route=\/wp\/v2\/posts"}],"about":[{"href":"https:\/\/diariodominicano.com\/index.php?rest_route=\/wp\/v2\/types\/post"}],"author":[{"embeddable":true,"href":"https:\/\/diariodominicano.com\/index.php?rest_route=\/wp\/v2\/users\/3"}],"replies":[{"embeddable":true,"href":"https:\/\/diariodominicano.com\/index.php?rest_route=%2Fwp%2Fv2%2Fcomments&post=162259"}],"version-history":[{"count":0,"href":"https:\/\/diariodominicano.com\/index.php?rest_route=\/wp\/v2\/posts\/162259\/revisions"}],"wp:attachment":[{"href":"https:\/\/diariodominicano.com\/index.php?rest_route=%2Fwp%2Fv2%2Fmedia&parent=162259"}],"wp:term":[{"taxonomy":"category","embeddable":true,"href":"https:\/\/diariodominicano.com\/index.php?rest_route=%2Fwp%2Fv2%2Fcategories&post=162259"},{"taxonomy":"post_tag","embeddable":true,"href":"https:\/\/diariodominicano.com\/index.php?rest_route=%2Fwp%2Fv2%2Ftags&post=162259"}],"curies":[{"name":"wp","href":"https:\/\/api.w.org\/{rel}","templated":true}]}}