{"id":162256,"date":"2014-09-02T08:39:21","date_gmt":"2014-09-02T08:39:21","guid":{"rendered":"http:\/\/diariodominicano.ddns.net\/?p=162256"},"modified":"2014-09-02T08:39:21","modified_gmt":"2014-09-02T08:39:21","slug":"cp-pld-hace-nuevo-examen-al-proyecto-de-ley-de-partidos-y-agrupaciones-politicas","status":"publish","type":"post","link":"https:\/\/diariodominicano.com\/?p=162256","title":{"rendered":"CP PLD hace nuevo examen al Proyecto de Ley de Partidos y Agrupaciones Pol\u00edticas"},"content":{"rendered":"<p><body><\/p>\n<p><img decoding=\"async\" src=\"img3\/plden00.jpg\" \/><br \/><img decoding=\"async\" src=\"img3\/PLD0000.jpg\" \/>  <\/p>\n<p><span class=\"text1noticias\"> <\/span><\/p>\n<p><span class=\"text1noticias\">SANTO DOMINGO, RD, 2 de septiembre.- El Comit\u00e9 Pol\u00edtico del Partido de la Liberaci\u00f3n Dominicana (PLD)  en su reuni\u00f3n de anoche  hizo un nuevo examen al informe final que esa organizaci\u00f3n presentara al Congreso de la Republica sobre el Proyecto de Ley de Partidos y Agrupaciones Pol\u00edticas. A instancia del coordinador de la comisi\u00f3n de juristas y miembros del Comit\u00e9 Pol\u00edtico,  quienes presentaron el informe sobre el proyecto que cursa en el Congreso Nacional, se procedi\u00f3 a realizar una \u00faltima revisi\u00f3n al informe. <\/span><\/p>\n<p><span class=\"text1noticias\"> <\/span><\/p>\n<p><span class=\"text1noticias\">\u00abYa ultimados los detalles, sobre los mismos, acordamos con el compa\u00f1ero Abel Mart\u00ednez que este mi\u00e9rcoles 3 del mes en curso, a las once de la ma\u00f1ana, entregaremos a la bancada del Partido de la Liberaci\u00f3n Dominicana la posici\u00f3n  oficial de nuestra organizaci\u00f3n sobre esa importante iniciativa\u00bb inform\u00f3 Reinaldo Pared P\u00e9rez, secretario general del PLD al resumir las decisiones adoptadas por el organismo de direcci\u00f3n peledeista.<\/span><\/p>\n<p><span class=\"text1noticias\"> <\/span><\/p>\n<p><span class=\"text1noticias\">La reuni\u00f3n, que hab\u00eda iniciado a las 7:15 de la noche concluy\u00f3 a las 10:30 con el resumen que Pared P\u00e9rez, en compa\u00f1\u00eda de Cristina Lizardo, presidenta del Senado y Radham\u00e9s Camacho, miembros de ese organismo, realizaron a los periodistas que cubrieron las incidencias de esta reuni\u00f3n, la segunda consecutiva en las dos ultimas semanas.<\/span><\/p>\n<p><span class=\"text1noticias\"> <\/span><\/p>\n<p><span class=\"text1noticias\">Con 32 de los 35 miembros del organismo de direcci\u00f3n  presentes se desarroll\u00f3 la reuni\u00f3n en un ambiente de armon\u00eda y respeto, caracter\u00edsticas predominante en el PLD.<\/span><\/p>\n<p><span class=\"text1noticias\"> <\/span><\/p>\n<p><span class=\"text1noticias\">El Presidente  de la Rep\u00fablica,  Danilo Medina, el Presidente del Partido de la Liberaci\u00f3n Dominicana, Leonel Fern\u00e1ndez, el Secretario General del PLD, Reinaldo Pared P\u00e9rez, y la vicepresidenta de la Rep\u00fablica,  Margarita Cede\u00f1o de Fern\u00e1ndez, encabezaron  la reuni\u00f3n  desarrolla da  en el Sal\u00f3n Juan Bosch de la Oficina Presidencial de la organizaci\u00f3n  en la zona universitaria,  de la ciudad capital.<\/span><\/p>\n<p><span class=\"text1noticias\"> <\/span><\/p>\n<p><span class=\"text1noticias\">Integran la comisi\u00f3n que estudio el Proyecto de Ley de Partidos pol\u00edticos y que se apersonar\u00e1 el mi\u00e9rcoles al Bloque del PLD en la C\u00e1mara de Diputados en el Palacio del Congreso Nacional,   Rafael Alburquerque, su coordinador,    Reinaldo Pared P\u00e9rez, secretario general, Cesar Pina Toribio, Julio Cesar Valent\u00edn y Abel Mart\u00ednez, para entregar el informe sobre el proyecto. Franklin Almeyda, quien forma parte de la comisi\u00f3n no asistir\u00e1 al Congreso por tener un compromiso partidario previo.  <\/span><\/p>\n<p><span class=\"text1noticias\"> <\/span><\/p>\n<p><span class=\"text1noticias\">Pared P\u00e9rez precis\u00f3 que despu\u00e9s  de revisar el informe que se llevar\u00e1 al bloque parlamentario en la c\u00e1mara baja,  el pr\u00f3ximo mi\u00e9rcoles, se procedi\u00f3 a conocer los informes de las distintas comisiones designadas.<\/span><\/p>\n<p><span class=\"text1noticias\"> <\/span><\/p>\n<p><span class=\"text1noticias\">\u00abIniciamos conociendo el informe relativo al Reglamento de  Funcionamiento del Comit\u00e9 Central. Se avanz\u00f3 en su conocimiento y al compararlo con el informe relativo a la Distribuci\u00f3n de  los miembros de ese organismo que ser\u00e1n Enlaces,  se presentaron algunas contradicciones entre los informes, decidiendo encomendar a las comisiones que elaboraron los mismos que lo examinaran de nuevo para continuar con su  conocimiento\u00bb precis\u00f3 el secretario general, Reinaldo Pared P\u00e9rez, resumiendo lo tratado.  <\/span><\/p>\n<p><span class=\"text1noticias\"> <\/span><\/p>\n<p><span class=\"text1noticias\">Aclar\u00f3 que fue un encuentro en donde se agotaron muchos turnos, alrededor de 18 intervenciones, que lo extendi\u00f3, pese a ser convocado una hora antes de lo habitual.<\/span><\/p>\n<p><span class=\"text1noticias\"> <\/span><\/p>\n<p><span class=\"text1noticias\">Pared P\u00e9rez record\u00f3 a los periodistas que el Comit\u00e9 Pol\u00edtico es un \u00f3rgano de trabajo ejecutivo  del Comit\u00e9 Central y como tal  debe presentarle a ese organismo informes y conclusiones acabadas y discutidas, lo que se har\u00e1 cuando se convoque al \u00f3rgano de direcci\u00f3n para conocer y ratificar las normativas y reglamentos preparados por las comisiones.<\/span><\/p>\n<p><span class=\"text1noticias\"> <\/span><\/p>\n<p><span class=\"text1noticias\">Adelant\u00f3 que el Comit\u00e9 Pol\u00edtico ha quedado convocado para el lunes 15 de septiembre porque las pr\u00f3ximas semanas algunas de sus miembros tienen compromisos previos o estar\u00e1n en el exterior.<\/span><\/p>\n<p><span class=\"text1noticias\"> <\/span><\/p>\n<p><span class=\"text1noticias\">A solicitud de los periodistas Reinaldo Pared P\u00e9rez neg\u00f3 que el tema de los decretos con cambios y designaciones de funcionarios se haya tratado en el Comit\u00e9 Pol\u00edtico, tampoco se abord\u00f3 el tema del proyecto de Ley de Loma Miranda que lo transforma en Parque Nacional que solo espera la promulgaci\u00f3n del Jefe del Estado.<\/span><\/p>\n<p><span class=\"text1noticias\"> <\/span><\/p>\n<p><span class=\"text1noticias\">\u00abEl PLD respaldara la decisi\u00f3n que adopte el Presidente de la Republica sobre el tema de Loma Miranda como Parque Nacional\u00bb dijo escuetamente Reinaldo Pared P\u00e9rez.  <\/span><\/p>\n<\/p>\n<\/p>\n<h6> 2014-09-02 08:39:21 <\/h6>\n<p><!--\n<link rel=\"stylesheet\" href=\"css\/bootstrap.min.css\">\n\n\n<ul class=\"pagination\">\n\t    \n\t\n\n<li >\n\t<a href='?page_no=14679'>Previous<\/a>\n\t<\/li>\n\n\n       \n    \n\n<li><a href='?page_no=1'>1<\/a><\/li>\n\n\n\n<li><a href='?page_no=2'>2<\/a><\/li>\n\n\n\n<li><a>...<\/a><\/li>\n\n\n\n<li><a href='?page_no=14678'>14678<\/a><\/li>\n\n\n\n<li><a href='?page_no=14679'>14679<\/a><\/li>\n\n\n\n<li class='active'><a>14680<\/a><\/li>\n\n\n\n<li><a href='?page_no=14681'>14681<\/a><\/li>\n\n\n\n<li><a href='?page_no=14682'>14682<\/a><\/li>\n\n\n\n<li><a>...<\/a><\/li>\n\n\n\n<li><a href='?page_no=36999'>36999<\/a><\/li>\n\n\n\n<li><a href='?page_no=37000'>37000<\/a><\/li>\n\n    \n\t\n\n<li >\n\t<a href='?page_no=14681'>Next<\/a>\n\t<\/li>\n\n\n    \n\n<li><a href='?page_no=37000'>Last &rsaquo;&rsaquo;<\/a><\/li>\n\n<\/ul>\n\n\n--><br \/>\n<\/body><\/p>\n","protected":false},"excerpt":{"rendered":"<p>SANTO DOMINGO, RD, 2 de septiembre.- El Comit\u00e9 Pol\u00edtico del Partido de la Liberaci\u00f3n Dominicana (PLD) en su reuni\u00f3n de anoche hizo un nuevo examen al informe final que esa organizaci\u00f3n presentara al Congreso de la Republica sobre el Proyecto de Ley de Partidos y Agrupaciones Pol\u00edticas. A instancia del coordinador de la comisi\u00f3n de [&hellip;]<\/p>\n","protected":false},"author":3,"featured_media":0,"comment_status":"open","ping_status":"open","sticky":false,"template":"","format":"standard","meta":{"footnotes":""},"categories":[22],"tags":[],"class_list":["post-162256","post","type-post","status-publish","format-standard","hentry","category-politica"],"_links":{"self":[{"href":"https:\/\/diariodominicano.com\/index.php?rest_route=\/wp\/v2\/posts\/162256","targetHints":{"allow":["GET"]}}],"collection":[{"href":"https:\/\/diariodominicano.com\/index.php?rest_route=\/wp\/v2\/posts"}],"about":[{"href":"https:\/\/diariodominicano.com\/index.php?rest_route=\/wp\/v2\/types\/post"}],"author":[{"embeddable":true,"href":"https:\/\/diariodominicano.com\/index.php?rest_route=\/wp\/v2\/users\/3"}],"replies":[{"embeddable":true,"href":"https:\/\/diariodominicano.com\/index.php?rest_route=%2Fwp%2Fv2%2Fcomments&post=162256"}],"version-history":[{"count":0,"href":"https:\/\/diariodominicano.com\/index.php?rest_route=\/wp\/v2\/posts\/162256\/revisions"}],"wp:attachment":[{"href":"https:\/\/diariodominicano.com\/index.php?rest_route=%2Fwp%2Fv2%2Fmedia&parent=162256"}],"wp:term":[{"taxonomy":"category","embeddable":true,"href":"https:\/\/diariodominicano.com\/index.php?rest_route=%2Fwp%2Fv2%2Fcategories&post=162256"},{"taxonomy":"post_tag","embeddable":true,"href":"https:\/\/diariodominicano.com\/index.php?rest_route=%2Fwp%2Fv2%2Ftags&post=162256"}],"curies":[{"name":"wp","href":"https:\/\/api.w.org\/{rel}","templated":true}]}}