{"id":162254,"date":"2014-09-02T12:53:40","date_gmt":"2014-09-02T12:53:40","guid":{"rendered":"http:\/\/diariodominicano.ddns.net\/?p=162254"},"modified":"2014-09-02T12:53:40","modified_gmt":"2014-09-02T12:53:40","slug":"jurista-juan-manuel-rosario-quieren-destruir-al-pais-rd-y-cidh","status":"publish","type":"post","link":"https:\/\/diariodominicano.com\/?p=162254","title":{"rendered":"Jurista  Juan Manuel Rosario: Quieren destruir al pa\u00eds: RD y CIDH"},"content":{"rendered":"<p><body><\/p>\n<p><img decoding=\"async\" src=\"img3\/Juan Manuel Rosario.jpg\" \/>  <\/p>\n<\/p>\n<p><span class=\"text1noticias\">SANTO DOMINIGO, RD, 2 de Septiembre  de 2014.- El jurista  Juan Manuel Rosario considera  que en la Rep\u00fablica Dominicana hay sectores que pretenden destruirla desde el punto de vista institucional; indic\u00f3 que uno de los ejemplos m\u00e1s palpables de eso es lo que se pretende imponer con relaci\u00f3n al instrumento de aceptaci\u00f3n de la Corte Interamericana de Derechos Humanos.<\/span><\/p>\n<\/p>\n<p><span class=\"text1noticias\">Asegur\u00f3 que el instrumento de aceptaci\u00f3n de CIDH es inconstitucional porque no fue aprobado por el Congreso dominicano.<\/span><\/p>\n<\/p>\n<p><span class=\"text1noticias\">Dijo que tanto la Corte de Justicia Internacional como la Corte Penal Internacional fueron aprobadas por el Congreso de la Rep\u00fablica Dominicana, pero que sin embargo la CIDH no la enviaron al Congreso.<\/span><\/p>\n<p><span class=\"text1noticias\">En un extenso documento publicado en este medio, el profesor Juan Manuel Rosario se pregunta que por qu\u00e9 de tres tribunales internacionales en los que la Rep\u00fablica Dominicana participa, hay dos que fueron refrendados por el Congreso y solo uno se hizo sin la anuncia del legislativo dominicano.<\/span><\/p>\n<p><span class=\"text1noticias\">Dijo que resulta preocupante y hasta no lejos de sospecha el hecho de que esa Corte no la quisieran enviar al Congreso, mientras que con las otras s\u00ed lo hicieron.<\/span><\/p>\n<p><span class=\"text1noticias\">Asegur\u00f3 que en la Rep\u00fablica Dominicana hay sectores que se han prevalido de lecturas torcidas del derecho internacional, para de esa manera justiciar acciones contra el Estado, dirigidas a debilitar la estructura institucional del Estado dominicano, para de esa manera proceder a ir creando las condiciones del desmembramiento del Estado.<\/span><\/p>\n<p><span class=\"text1noticias\">Manifest\u00f3 que los sectores que se han aglutinado en torno a imponerle a la sociedad dominicana una pr\u00e1ctica basada en el mito y el miedo en torno a las relaciones internacionales, se han propuesto incidir en los medios de comunicaci\u00f3n y en el Estado para lograr sus fines.<\/span><\/p>\n<p><span class=\"text1noticias\">Dijo que hasta en el cuerpo diplom\u00e1tico de la Rep\u00fablica Dominicana existen personas que act\u00faan no conforme al inter\u00e9s nacional, sino para fortalecer los intereses contrarios al pa\u00eds.<\/span><\/p>\n<p><span class=\"text1noticias\">Se lamenta que los gobiernos del pa\u00eds han actuado en contubernio con los sectores que no les interesa en absoluto el inter\u00e9s general de la Rep\u00fablica Dominicana.<\/span><\/p>\n<p><span class=\"text1noticias\">Asegur\u00f3 que los pol\u00edticos cada vez tienen m\u00e1s inclinaci\u00f3n a la b\u00fasqueda de notoriedad y estar aferrados a un comportamiento complaciente que a defender los intereses del pa\u00eds.<\/span><\/p>\n<\/p>\n<\/p>\n<\/p>\n<h6> 2014-09-02 12:53:40 <\/h6>\n<p><!--\n<link rel=\"stylesheet\" href=\"css\/bootstrap.min.css\">\n\n\n<ul class=\"pagination\">\n\t    \n\t\n\n<li >\n\t<a href='?page_no=14678'>Previous<\/a>\n\t<\/li>\n\n\n       \n    \n\n<li><a href='?page_no=1'>1<\/a><\/li>\n\n\n\n<li><a href='?page_no=2'>2<\/a><\/li>\n\n\n\n<li><a>...<\/a><\/li>\n\n\n\n<li><a href='?page_no=14677'>14677<\/a><\/li>\n\n\n\n<li><a href='?page_no=14678'>14678<\/a><\/li>\n\n\n\n<li class='active'><a>14679<\/a><\/li>\n\n\n\n<li><a href='?page_no=14680'>14680<\/a><\/li>\n\n\n\n<li><a href='?page_no=14681'>14681<\/a><\/li>\n\n\n\n<li><a>...<\/a><\/li>\n\n\n\n<li><a href='?page_no=36999'>36999<\/a><\/li>\n\n\n\n<li><a href='?page_no=37000'>37000<\/a><\/li>\n\n    \n\t\n\n<li >\n\t<a href='?page_no=14680'>Next<\/a>\n\t<\/li>\n\n\n    \n\n<li><a href='?page_no=37000'>Last &rsaquo;&rsaquo;<\/a><\/li>\n\n<\/ul>\n\n\n--><br \/>\n<\/body><\/p>\n","protected":false},"excerpt":{"rendered":"<p>SANTO DOMINIGO, RD, 2 de Septiembre de 2014.- El jurista Juan Manuel Rosario considera que en la Rep\u00fablica Dominicana hay sectores que pretenden destruirla desde el punto de vista institucional; indic\u00f3 que uno de los ejemplos m\u00e1s palpables de eso es lo que se pretende imponer con relaci\u00f3n al instrumento de aceptaci\u00f3n de la Corte [&hellip;]<\/p>\n","protected":false},"author":3,"featured_media":0,"comment_status":"open","ping_status":"open","sticky":false,"template":"","format":"standard","meta":{"footnotes":""},"categories":[22],"tags":[],"class_list":["post-162254","post","type-post","status-publish","format-standard","hentry","category-politica"],"_links":{"self":[{"href":"https:\/\/diariodominicano.com\/index.php?rest_route=\/wp\/v2\/posts\/162254","targetHints":{"allow":["GET"]}}],"collection":[{"href":"https:\/\/diariodominicano.com\/index.php?rest_route=\/wp\/v2\/posts"}],"about":[{"href":"https:\/\/diariodominicano.com\/index.php?rest_route=\/wp\/v2\/types\/post"}],"author":[{"embeddable":true,"href":"https:\/\/diariodominicano.com\/index.php?rest_route=\/wp\/v2\/users\/3"}],"replies":[{"embeddable":true,"href":"https:\/\/diariodominicano.com\/index.php?rest_route=%2Fwp%2Fv2%2Fcomments&post=162254"}],"version-history":[{"count":0,"href":"https:\/\/diariodominicano.com\/index.php?rest_route=\/wp\/v2\/posts\/162254\/revisions"}],"wp:attachment":[{"href":"https:\/\/diariodominicano.com\/index.php?rest_route=%2Fwp%2Fv2%2Fmedia&parent=162254"}],"wp:term":[{"taxonomy":"category","embeddable":true,"href":"https:\/\/diariodominicano.com\/index.php?rest_route=%2Fwp%2Fv2%2Fcategories&post=162254"},{"taxonomy":"post_tag","embeddable":true,"href":"https:\/\/diariodominicano.com\/index.php?rest_route=%2Fwp%2Fv2%2Ftags&post=162254"}],"curies":[{"name":"wp","href":"https:\/\/api.w.org\/{rel}","templated":true}]}}