{"id":162253,"date":"2014-09-02T13:49:54","date_gmt":"2014-09-02T13:49:54","guid":{"rendered":"http:\/\/diariodominicano.ddns.net\/?p=162253"},"modified":"2014-09-02T13:49:54","modified_gmt":"2014-09-02T13:49:54","slug":"prm-anuncia-escogera-su-candidato-presidencial-este-ano","status":"publish","type":"post","link":"https:\/\/diariodominicano.com\/?p=162253","title":{"rendered":"PRM anuncia escoger\u00e1 su candidato presidencial este a\u00f1o"},"content":{"rendered":"<p><body><\/p>\n<p><img decoding=\"async\" src=\"img3\/chu 2.jpg\" \/>  <\/p>\n<p>Santo Domingo RD 2 septiembre.- El director ejecutivo del Partido Revolucionario Mayoritario (PRM), Jes\u00fas V\u00e1squez Mart\u00ednez, revela que esa organizaci\u00f3n pol\u00edtica escoger\u00e1 su candidato presidencial para el a\u00f1o 2016 antes de que salga el 2104.<\/p>\n<\/p>\n<p>Chu V\u00e1squez dijo la intenci\u00f3n es salir con un representante y ponerlo a competir de manera democr\u00e1tica con los aspirantes a la presidencia y componen la denominada convergencia.<\/p>\n<\/p>\n<p>El ex presidente del senado argument\u00f3 que solo est\u00e1n a la espera de que la Junta Central Electoral de a conocer su decisi\u00f3n definitiva sobre el pedido de cambio de nombre de  Alianza Social Dominicana (ASD) por Partido Revolucionario Mayoritario (PRM).<\/p>\n<\/p>\n<p>Dijo que de acuerdo a los esfuerzos que han venido realizando para la conformaci\u00f3n del nuevo partido, manifest\u00f3 aproximadamente el d\u00eda 15 de este mes de septiembre estar\u00e1n terminando de constituir toda la estructura que sostendr\u00e1 esta nueva entidad partidaria.<\/p>\n<\/p>\n<p>El ex  congresista del PRD particip\u00f3 en el programa \u00abReporte con Gilbert Guzm\u00e1n\u00bb que se transmite de lunes a jueves en vivo a la 5:00 pm, por SDTV por los canales 24 y 69.<\/p>\n<\/p>\n<p>Asegur\u00f3 que los niveles de madurez pol\u00edtica que tiene el PRM lo obliga a no dividirse para lograr llegar al poder en el a\u00f1o 2016, impulsado por todos los sectores de la sociedad dominicana que demanda un cambio en la administraci\u00f3n p\u00fablica.<\/p>\n<\/p>\n<p>Sobre el tema, se recuerda que hace varias semanas el vocero del ex presidente Hip\u00f3lito Mej\u00eda, H\u00e9ctor Guzm\u00e1n dijo que de acuerdo a encuestas que hab\u00eda tenido acceso,  el candidato del PRM para el 2016 tiene que ser el \u00ab\u00bbGuapo\u00bb\u00bb de Gurabo.<\/p>\n<\/p>\n<p>SOBRE LEONEL: el dirigente pol\u00edtico asegur\u00f3 que el ex presidente Leonel Fern\u00e1ndez es una amenaza para la sociedad dominicana.<\/p>\n<\/p>\n<p>Record\u00f3 que el d\u00e9ficit que dej\u00f3 Fern\u00e1ndez a su salida del Gobierno sobre pasa los niveles insospechado con un d\u00e9ficit de m\u00e1s de 200 mil millones de pesos.<\/p>\n<\/p>\n<\/p>\n<h6> 2014-09-02 13:49:54 <\/h6>\n<p><!--\n<link rel=\"stylesheet\" href=\"css\/bootstrap.min.css\">\n\n\n<ul class=\"pagination\">\n\t    \n\t\n\n<li >\n\t<a href='?page_no=14677'>Previous<\/a>\n\t<\/li>\n\n\n       \n    \n\n<li><a href='?page_no=1'>1<\/a><\/li>\n\n\n\n<li><a href='?page_no=2'>2<\/a><\/li>\n\n\n\n<li><a>...<\/a><\/li>\n\n\n\n<li><a href='?page_no=14676'>14676<\/a><\/li>\n\n\n\n<li><a href='?page_no=14677'>14677<\/a><\/li>\n\n\n\n<li class='active'><a>14678<\/a><\/li>\n\n\n\n<li><a href='?page_no=14679'>14679<\/a><\/li>\n\n\n\n<li><a href='?page_no=14680'>14680<\/a><\/li>\n\n\n\n<li><a>...<\/a><\/li>\n\n\n\n<li><a href='?page_no=36999'>36999<\/a><\/li>\n\n\n\n<li><a href='?page_no=37000'>37000<\/a><\/li>\n\n    \n\t\n\n<li >\n\t<a href='?page_no=14679'>Next<\/a>\n\t<\/li>\n\n\n    \n\n<li><a href='?page_no=37000'>Last &rsaquo;&rsaquo;<\/a><\/li>\n\n<\/ul>\n\n\n--><br \/>\n<\/body><\/p>\n","protected":false},"excerpt":{"rendered":"<p>Santo Domingo RD 2 septiembre.- El director ejecutivo del Partido Revolucionario Mayoritario (PRM), Jes\u00fas V\u00e1squez Mart\u00ednez, revela que esa organizaci\u00f3n pol\u00edtica escoger\u00e1 su candidato presidencial para el a\u00f1o 2016 antes de que salga el 2104. Chu V\u00e1squez dijo la intenci\u00f3n es salir con un representante y ponerlo a competir de manera democr\u00e1tica con los aspirantes [&hellip;]<\/p>\n","protected":false},"author":3,"featured_media":0,"comment_status":"open","ping_status":"open","sticky":false,"template":"","format":"standard","meta":{"footnotes":""},"categories":[22],"tags":[],"class_list":["post-162253","post","type-post","status-publish","format-standard","hentry","category-politica"],"_links":{"self":[{"href":"https:\/\/diariodominicano.com\/index.php?rest_route=\/wp\/v2\/posts\/162253","targetHints":{"allow":["GET"]}}],"collection":[{"href":"https:\/\/diariodominicano.com\/index.php?rest_route=\/wp\/v2\/posts"}],"about":[{"href":"https:\/\/diariodominicano.com\/index.php?rest_route=\/wp\/v2\/types\/post"}],"author":[{"embeddable":true,"href":"https:\/\/diariodominicano.com\/index.php?rest_route=\/wp\/v2\/users\/3"}],"replies":[{"embeddable":true,"href":"https:\/\/diariodominicano.com\/index.php?rest_route=%2Fwp%2Fv2%2Fcomments&post=162253"}],"version-history":[{"count":0,"href":"https:\/\/diariodominicano.com\/index.php?rest_route=\/wp\/v2\/posts\/162253\/revisions"}],"wp:attachment":[{"href":"https:\/\/diariodominicano.com\/index.php?rest_route=%2Fwp%2Fv2%2Fmedia&parent=162253"}],"wp:term":[{"taxonomy":"category","embeddable":true,"href":"https:\/\/diariodominicano.com\/index.php?rest_route=%2Fwp%2Fv2%2Fcategories&post=162253"},{"taxonomy":"post_tag","embeddable":true,"href":"https:\/\/diariodominicano.com\/index.php?rest_route=%2Fwp%2Fv2%2Ftags&post=162253"}],"curies":[{"name":"wp","href":"https:\/\/api.w.org\/{rel}","templated":true}]}}