{"id":162252,"date":"2014-09-02T16:28:49","date_gmt":"2014-09-02T16:28:49","guid":{"rendered":"http:\/\/diariodominicano.ddns.net\/?p=162252"},"modified":"2014-09-02T16:28:49","modified_gmt":"2014-09-02T16:28:49","slug":"precandidato-a-diputado-del-pld-dice-que-hara-un-campana-sin-descalificar-ningun-companero","status":"publish","type":"post","link":"https:\/\/diariodominicano.com\/?p=162252","title":{"rendered":"Precandidato a diputado del PLD dice que har\u00e1 un campa\u00f1a sin descalificar ning\u00fan compa\u00f1ero"},"content":{"rendered":"<p><body><\/p>\n<p>Precandidato a diputado del PLD dice que har\u00e1 un campa\u00f1a sin descalificar ning\u00fan compa\u00f1ero<\/p>\n<\/p>\n<p>Ohelmis S\u00e1nchez &lt;ohelmissanchez@gmail.com&gt;<\/p>\n<p>Archivos adjuntos11:59 (hace 27 minutos)<\/p>\n<\/p>\n<p>para <\/p>\n<p>NOTA DE PRENSA<\/p>\n<\/p>\n<p>BARAHONA.- El precandidato a diputado por el Partido de la Liberaci\u00f3n Dominicana (PLD), Carlos Flori\u00e1n, dijo que su proyecto de ser diputado por esta provincia es para velar y fomentar por el desarrollo integral de nuestra Perla del Sur. <\/p>\n<\/p>\n<p> El tambi\u00e9n presidente del comit\u00e9 municipal del PLD manifest\u00f3 que quiere servir de intermediario entre las problem\u00e1ticas y sus posibles soluciones. \u00abQuiero hacer una campa\u00f1a participativa e involucrar a todos los sectores. Sin descalificar a ning\u00fan compa\u00f1ero ya que todos merecemos respeto\u00bb. <\/p>\n<\/p>\n<p>Abog\u00f3 por una campa\u00f1a de propuestas, medici\u00f3n de trayectoria pero sobre todo respetuosa, seguimos firme y lo mejor de todo es que seguimos creciendo.<\/p>\n<\/p>\n<p>As\u00ed expres\u00f3 en su cuenta de Facebook, el dirigente pol\u00edtico<\/p>\n<h6> 2014-09-02 16:28:49 <\/h6>\n<p><!--\n<link rel=\"stylesheet\" href=\"css\/bootstrap.min.css\">\n\n\n<ul class=\"pagination\">\n\t    \n\t\n\n<li >\n\t<a href='?page_no=14676'>Previous<\/a>\n\t<\/li>\n\n\n       \n    \n\n<li><a href='?page_no=1'>1<\/a><\/li>\n\n\n\n<li><a href='?page_no=2'>2<\/a><\/li>\n\n\n\n<li><a>...<\/a><\/li>\n\n\n\n<li><a href='?page_no=14675'>14675<\/a><\/li>\n\n\n\n<li><a href='?page_no=14676'>14676<\/a><\/li>\n\n\n\n<li class='active'><a>14677<\/a><\/li>\n\n\n\n<li><a href='?page_no=14678'>14678<\/a><\/li>\n\n\n\n<li><a href='?page_no=14679'>14679<\/a><\/li>\n\n\n\n<li><a>...<\/a><\/li>\n\n\n\n<li><a href='?page_no=36999'>36999<\/a><\/li>\n\n\n\n<li><a href='?page_no=37000'>37000<\/a><\/li>\n\n    \n\t\n\n<li >\n\t<a href='?page_no=14678'>Next<\/a>\n\t<\/li>\n\n\n    \n\n<li><a href='?page_no=37000'>Last &rsaquo;&rsaquo;<\/a><\/li>\n\n<\/ul>\n\n\n--><br \/>\n<\/body><\/p>\n","protected":false},"excerpt":{"rendered":"<p>Precandidato a diputado del PLD dice que har\u00e1 un campa\u00f1a sin descalificar ning\u00fan compa\u00f1ero Ohelmis S\u00e1nchez &lt;ohelmissanchez@gmail.com&gt; Archivos adjuntos11:59 (hace 27 minutos) para NOTA DE PRENSA BARAHONA.- El precandidato a diputado por el Partido de la Liberaci\u00f3n Dominicana (PLD), Carlos Flori\u00e1n, dijo que su proyecto de ser diputado por esta provincia es para velar y [&hellip;]<\/p>\n","protected":false},"author":3,"featured_media":0,"comment_status":"open","ping_status":"open","sticky":false,"template":"","format":"standard","meta":{"footnotes":""},"categories":[22],"tags":[],"class_list":["post-162252","post","type-post","status-publish","format-standard","hentry","category-politica"],"_links":{"self":[{"href":"https:\/\/diariodominicano.com\/index.php?rest_route=\/wp\/v2\/posts\/162252","targetHints":{"allow":["GET"]}}],"collection":[{"href":"https:\/\/diariodominicano.com\/index.php?rest_route=\/wp\/v2\/posts"}],"about":[{"href":"https:\/\/diariodominicano.com\/index.php?rest_route=\/wp\/v2\/types\/post"}],"author":[{"embeddable":true,"href":"https:\/\/diariodominicano.com\/index.php?rest_route=\/wp\/v2\/users\/3"}],"replies":[{"embeddable":true,"href":"https:\/\/diariodominicano.com\/index.php?rest_route=%2Fwp%2Fv2%2Fcomments&post=162252"}],"version-history":[{"count":0,"href":"https:\/\/diariodominicano.com\/index.php?rest_route=\/wp\/v2\/posts\/162252\/revisions"}],"wp:attachment":[{"href":"https:\/\/diariodominicano.com\/index.php?rest_route=%2Fwp%2Fv2%2Fmedia&parent=162252"}],"wp:term":[{"taxonomy":"category","embeddable":true,"href":"https:\/\/diariodominicano.com\/index.php?rest_route=%2Fwp%2Fv2%2Fcategories&post=162252"},{"taxonomy":"post_tag","embeddable":true,"href":"https:\/\/diariodominicano.com\/index.php?rest_route=%2Fwp%2Fv2%2Ftags&post=162252"}],"curies":[{"name":"wp","href":"https:\/\/api.w.org\/{rel}","templated":true}]}}