{"id":162251,"date":"2014-09-02T16:33:04","date_gmt":"2014-09-02T16:33:04","guid":{"rendered":"http:\/\/diariodominicano.ddns.net\/?p=162251"},"modified":"2014-09-02T16:33:04","modified_gmt":"2014-09-02T16:33:04","slug":"prsc-organiza-para-este-miercoles-mesa-redonda-titulada-historias-de-joaquin-balaguer","status":"publish","type":"post","link":"https:\/\/diariodominicano.com\/?p=162251","title":{"rendered":"PRSC organiza para este mi\u00e9rcoles mesa redonda titulada \u00abHistorias de Joaqu\u00edn Balaguer\u00bb"},"content":{"rendered":"<p><body><\/p>\n<p><img decoding=\"async\" src=\"img3\/casita 2.jpg\" \/>  <\/p>\n<p>Santo Domingo RD 2 septiembre.- El Partido Reformista Social Cristiano (PRSC) celebrar\u00e1 este mi\u00e9rcoles una mesa redonda sobre la prolongada trayectoria vivencial y pol\u00edtica del ex presidente Joaqu\u00edn Balaguer.<\/p>\n<\/p>\n<p>La actividad, con motivo del 108 aniversario del natalicio del fundador y l\u00edder hist\u00f3rico del PRSC,  se llevar\u00e1 a cabo en el Foro Pedro Mir de la Librer\u00eda Cuesta, de la avenida 27 de Febrero esquina Abraham Lincoln, de la Capital, a partir de las 6:00 de la tarde.<\/p>\n<\/p>\n<p>En la mesa redonda titulada \u00abHistorias de Joaqu\u00edn Balaguer\u00bb participar\u00e1n reconocidos intelectuales del pa\u00eds, quienes expondr\u00e1n distintos aspectos de inter\u00e9s nacional de la prolongada trayectoria vivencial y pol\u00edtica del doctor Balaguer.<\/p>\n<\/p>\n<p>El foro, de car\u00e1cter puramente hist\u00f3rico y cultural, ser\u00e1 encabezado por el presidente del Partido Reformista, ingeniero Federico Ant\u00fan Batlle (Quique) y otras autoridades de la organizaci\u00f3n.<\/p>\n<h6> 2014-09-02 16:33:04 <\/h6>\n<p><!--\n<link rel=\"stylesheet\" href=\"css\/bootstrap.min.css\">\n\n\n<ul class=\"pagination\">\n\t    \n\t\n\n<li >\n\t<a href='?page_no=14675'>Previous<\/a>\n\t<\/li>\n\n\n       \n    \n\n<li><a href='?page_no=1'>1<\/a><\/li>\n\n\n\n<li><a href='?page_no=2'>2<\/a><\/li>\n\n\n\n<li><a>...<\/a><\/li>\n\n\n\n<li><a href='?page_no=14674'>14674<\/a><\/li>\n\n\n\n<li><a href='?page_no=14675'>14675<\/a><\/li>\n\n\n\n<li class='active'><a>14676<\/a><\/li>\n\n\n\n<li><a href='?page_no=14677'>14677<\/a><\/li>\n\n\n\n<li><a href='?page_no=14678'>14678<\/a><\/li>\n\n\n\n<li><a>...<\/a><\/li>\n\n\n\n<li><a href='?page_no=36999'>36999<\/a><\/li>\n\n\n\n<li><a href='?page_no=37000'>37000<\/a><\/li>\n\n    \n\t\n\n<li >\n\t<a href='?page_no=14677'>Next<\/a>\n\t<\/li>\n\n\n    \n\n<li><a href='?page_no=37000'>Last &rsaquo;&rsaquo;<\/a><\/li>\n\n<\/ul>\n\n\n--><br \/>\n<\/body><\/p>\n","protected":false},"excerpt":{"rendered":"<p>Santo Domingo RD 2 septiembre.- El Partido Reformista Social Cristiano (PRSC) celebrar\u00e1 este mi\u00e9rcoles una mesa redonda sobre la prolongada trayectoria vivencial y pol\u00edtica del ex presidente Joaqu\u00edn Balaguer. La actividad, con motivo del 108 aniversario del natalicio del fundador y l\u00edder hist\u00f3rico del PRSC, se llevar\u00e1 a cabo en el Foro Pedro Mir de [&hellip;]<\/p>\n","protected":false},"author":3,"featured_media":0,"comment_status":"open","ping_status":"open","sticky":false,"template":"","format":"standard","meta":{"footnotes":""},"categories":[22],"tags":[],"class_list":["post-162251","post","type-post","status-publish","format-standard","hentry","category-politica"],"_links":{"self":[{"href":"https:\/\/diariodominicano.com\/index.php?rest_route=\/wp\/v2\/posts\/162251","targetHints":{"allow":["GET"]}}],"collection":[{"href":"https:\/\/diariodominicano.com\/index.php?rest_route=\/wp\/v2\/posts"}],"about":[{"href":"https:\/\/diariodominicano.com\/index.php?rest_route=\/wp\/v2\/types\/post"}],"author":[{"embeddable":true,"href":"https:\/\/diariodominicano.com\/index.php?rest_route=\/wp\/v2\/users\/3"}],"replies":[{"embeddable":true,"href":"https:\/\/diariodominicano.com\/index.php?rest_route=%2Fwp%2Fv2%2Fcomments&post=162251"}],"version-history":[{"count":0,"href":"https:\/\/diariodominicano.com\/index.php?rest_route=\/wp\/v2\/posts\/162251\/revisions"}],"wp:attachment":[{"href":"https:\/\/diariodominicano.com\/index.php?rest_route=%2Fwp%2Fv2%2Fmedia&parent=162251"}],"wp:term":[{"taxonomy":"category","embeddable":true,"href":"https:\/\/diariodominicano.com\/index.php?rest_route=%2Fwp%2Fv2%2Fcategories&post=162251"},{"taxonomy":"post_tag","embeddable":true,"href":"https:\/\/diariodominicano.com\/index.php?rest_route=%2Fwp%2Fv2%2Ftags&post=162251"}],"curies":[{"name":"wp","href":"https:\/\/api.w.org\/{rel}","templated":true}]}}