{"id":162249,"date":"2014-09-02T18:00:11","date_gmt":"2014-09-02T18:00:11","guid":{"rendered":"http:\/\/diariodominicano.ddns.net\/?p=162249"},"modified":"2014-09-02T18:00:11","modified_gmt":"2014-09-02T18:00:11","slug":"aspirante-a-sindico-denuncia-abandono-de-los-cementerios-de-barahona","status":"publish","type":"post","link":"https:\/\/diariodominicano.com\/?p=162249","title":{"rendered":"&#13;&#13;Aspirante a s\u00edndico denuncia abandono de los cementerios de Barahona"},"content":{"rendered":"<p><body><\/p>\n<p><img decoding=\"async\" src=\"img3\/cementerio1.jpg\" \/><br \/><img decoding=\"async\" src=\"img3\/cementero2.jpg\" \/>  <\/p>\n<p><span class=\"text1noticias\"> <\/span><\/p>\n<p><span class=\"text1noticias\">Barahona, RD, 2 de septiembre.- El aspirante a s\u00edndico por el Partido de la Liberaci\u00f3n Dominicana (PLD), denunci\u00f3 las condiciones de abandono en que se encuentran  los  dos cementerios de esta ciudad.<\/span><\/p>\n<p><span class=\"text1noticias\"> <\/span><\/p>\n<p><span class=\"text1noticias\">El licenciado Carlos Garc\u00eda L\u00f3pez, pidi\u00f3 al sindico  Noel Suberv\u00ed Nin, que ordene urgentemente realizar una jornada de acondicionamiento y limpieza en los camposantos debido a que se encuentran llenos de basura, malezas y hierbas.<\/span><\/p>\n<p><span class=\"text1noticias\"> <\/span><\/p>\n<p><span class=\"text1noticias\">El aspirante pelede\u00edsta manifest\u00f3 que constituye una verg\u00fcenza la forma deplorable en que se encuentran los cementerios donde descansan los fieles difuntos donde los deudos visitan de vez en cuando a sus panteones a llevarle flores o rezarle.<\/span><\/p>\n<p><span class=\"text1noticias\"> <\/span><\/p>\n<p><span class=\"text1noticias\">Garc\u00eda L\u00f3pez, se\u00f1al\u00f3 que la verg\u00fcenza que sienten los ciudadanos cuando acude a sepultar a un pariente, un amigo o un vecino y al llegar al  a los camposantos observan la apariencia de una selva debido al abandono en que se encuentran.<\/span><\/p>\n<p><span class=\"text1noticias\"> <\/span><\/p>\n<p><span class=\"text1noticias\">\u00abque no esperen e 2 de noviembre d\u00eda de los fieles difuntos se hace necesario que la sindicatura ejecute un plan de limpieza tanto en el cementerio \u00abDon Am\u00e9rico Melo\u00bb, como el de la Mar\u00eda Montez\u00bb expreso el dirigente oficialista en nota de prensa.<\/span><\/p>\n<p><span class=\"text1noticias\"> <\/span><\/p>\n<p><span class=\"text1noticias\">Desmantelan capilla del cementerio<\/span><\/p>\n<p><span class=\"text1noticias\"> <\/span><\/p>\n<p><span class=\"text1noticias\">Asimismo el aspirante pelede\u00edsta denunci\u00f3 el desmantelamiento de la capilla del cementerio \u00abDon Am\u00e9rico Melo\u00bb, por parte de  desconocidos por lo que exige de las autoridades que dispongan la vigilancia de  la Polic\u00eda Municipal, en el camposanto para evitar que desaprensivos contin\u00faen cometiendo sus fechor\u00edas.<\/span><\/p>\n<\/p>\n<h6> 2014-09-02 18:00:11 <\/h6>\n<p><!--\n<link rel=\"stylesheet\" href=\"css\/bootstrap.min.css\">\n\n\n<ul class=\"pagination\">\n\t    \n\t\n\n<li >\n\t<a href='?page_no=14673'>Previous<\/a>\n\t<\/li>\n\n\n       \n    \n\n<li><a href='?page_no=1'>1<\/a><\/li>\n\n\n\n<li><a href='?page_no=2'>2<\/a><\/li>\n\n\n\n<li><a>...<\/a><\/li>\n\n\n\n<li><a href='?page_no=14672'>14672<\/a><\/li>\n\n\n\n<li><a href='?page_no=14673'>14673<\/a><\/li>\n\n\n\n<li class='active'><a>14674<\/a><\/li>\n\n\n\n<li><a href='?page_no=14675'>14675<\/a><\/li>\n\n\n\n<li><a href='?page_no=14676'>14676<\/a><\/li>\n\n\n\n<li><a>...<\/a><\/li>\n\n\n\n<li><a href='?page_no=36999'>36999<\/a><\/li>\n\n\n\n<li><a href='?page_no=37000'>37000<\/a><\/li>\n\n    \n\t\n\n<li >\n\t<a href='?page_no=14675'>Next<\/a>\n\t<\/li>\n\n\n    \n\n<li><a href='?page_no=37000'>Last &rsaquo;&rsaquo;<\/a><\/li>\n\n<\/ul>\n\n\n--><br \/>\n<\/body><\/p>\n","protected":false},"excerpt":{"rendered":"<p>Barahona, RD, 2 de septiembre.- El aspirante a s\u00edndico por el Partido de la Liberaci\u00f3n Dominicana (PLD), denunci\u00f3 las condiciones de abandono en que se encuentran los dos cementerios de esta ciudad. El licenciado Carlos Garc\u00eda L\u00f3pez, pidi\u00f3 al sindico Noel Suberv\u00ed Nin, que ordene urgentemente realizar una jornada de acondicionamiento y limpieza en los [&hellip;]<\/p>\n","protected":false},"author":3,"featured_media":0,"comment_status":"open","ping_status":"open","sticky":false,"template":"","format":"standard","meta":{"footnotes":""},"categories":[22],"tags":[],"class_list":["post-162249","post","type-post","status-publish","format-standard","hentry","category-politica"],"_links":{"self":[{"href":"https:\/\/diariodominicano.com\/index.php?rest_route=\/wp\/v2\/posts\/162249","targetHints":{"allow":["GET"]}}],"collection":[{"href":"https:\/\/diariodominicano.com\/index.php?rest_route=\/wp\/v2\/posts"}],"about":[{"href":"https:\/\/diariodominicano.com\/index.php?rest_route=\/wp\/v2\/types\/post"}],"author":[{"embeddable":true,"href":"https:\/\/diariodominicano.com\/index.php?rest_route=\/wp\/v2\/users\/3"}],"replies":[{"embeddable":true,"href":"https:\/\/diariodominicano.com\/index.php?rest_route=%2Fwp%2Fv2%2Fcomments&post=162249"}],"version-history":[{"count":0,"href":"https:\/\/diariodominicano.com\/index.php?rest_route=\/wp\/v2\/posts\/162249\/revisions"}],"wp:attachment":[{"href":"https:\/\/diariodominicano.com\/index.php?rest_route=%2Fwp%2Fv2%2Fmedia&parent=162249"}],"wp:term":[{"taxonomy":"category","embeddable":true,"href":"https:\/\/diariodominicano.com\/index.php?rest_route=%2Fwp%2Fv2%2Fcategories&post=162249"},{"taxonomy":"post_tag","embeddable":true,"href":"https:\/\/diariodominicano.com\/index.php?rest_route=%2Fwp%2Fv2%2Ftags&post=162249"}],"curies":[{"name":"wp","href":"https:\/\/api.w.org\/{rel}","templated":true}]}}