{"id":162246,"date":"2014-09-02T21:19:13","date_gmt":"2014-09-02T21:19:13","guid":{"rendered":"http:\/\/diariodominicano.ddns.net\/?p=162246"},"modified":"2014-09-02T21:19:13","modified_gmt":"2014-09-02T21:19:13","slug":"prsc-dice-aumento-salarial-debe-ir-acompanado-de-medidas-eviten-efectos-secundarios","status":"publish","type":"post","link":"https:\/\/diariodominicano.com\/?p=162246","title":{"rendered":"PRSC dice aumento salarial debe ir acompa\u00f1ado de medidas eviten \u00abefectos secundarios\u00bb"},"content":{"rendered":"<p><body><\/p>\n<p><img decoding=\"async\" src=\"img3\/Guillermo.jpg\" \/>  <\/p>\n<p><span class=\"text1noticias\">Santo Domingo, RD, 2 de Septiembre.-El Partido Reformista Social Cristiano sostuvo que el aumento de la canasta familiar y la ineficiencia del Estado en la prestaci\u00f3n de servicios \u00abhacen imperativo\u00bb un aumento general de los sueldos tanto en el sector p\u00fablico como privado, pero entiende que para ello deben implementarse medidas que eviten \u00abefectos secundarios adversos\u00bb.<\/span><\/p>\n<\/p>\n<p><span class=\"text1noticias\">Explic\u00f3 que las precariedades en la prestaci\u00f3n de determinados servicios por parte del Estado est\u00e1 obligando a la ciudadan\u00eda a pagar los mismos, \u00abcuando ordinariamente estos servicios, como educaci\u00f3n, salud, agua, energ\u00eda, seguridad y otros, deber\u00edan ser provistos gratuitamente por los poderes p\u00fablicos\u00bb.<\/span><\/p>\n<\/p>\n<p><span class=\"text1noticias\">De acuerdo a un informe del Gabinete T\u00e9cnico del PRSC que dirige el economista y ex gobernador del Banco Central, Guillermo Caram, se hace pertinente contextualizar y hacer las advertencias de lugar para que la implementaci\u00f3n de dicha iniciativa \u00abno termine incrementando significativamente costos de producci\u00f3n de bienes y servicios que puedan precipitar espirales inflacionarios que incrementen el costo de la vida hasta consumir los incrementos salariales\u00bb.<\/span><\/p>\n<\/p>\n<p><span class=\"text1noticias\">Dicen que ante el respaldo que est\u00e1 recibiendo el reiterado planteamiento presidencial sobre un  incremento salarial por parte de importantes instancias pol\u00edticas y empresariales, incluyendo el presidente del PRSC, ingeniero Federico Ant\u00fan Batlle (Quique), el Gabinete T\u00e9cnico consider\u00f3 pertinente hacer las advertencias.<\/span><\/p>\n<\/p>\n<p><span class=\"text1noticias\">En ese sentido, aseguran que la implementacion de esta iniciativa debe cuidarse para que la modificaci\u00f3n salarial no atente contra la supervivencia financiera de empresas, provocando constre\u00f1imiento o cierres, incidentes en la producci\u00f3nas\u00ed como despidos laborales.<\/span><\/p>\n<\/p>\n<p><span class=\"text1noticias\">Igualmente, evitar disminuciones en la producci\u00f3n de bienes o servicios para satisfacer necesidades habida cuenta el d\u00e9ficit anual de la balanza de pagos de US$ 2467 millones para el 2013.<\/span><\/p>\n<\/p>\n<p><span class=\"text1noticias\">\u00abEl aumento salarial no debe impedir el incremento de la generaci\u00f3n de puestos de trabajo compatible con la dignidad humana ante el desempleo que afecta nuestra poblaci\u00f3n, que el Banco Central sit\u00faa en el orden del 15%; en circunstancia que el 85% empleado se encuentra con caracter\u00edsticas <\/span><\/p>\n<p><span class=\"text1noticias\">insatisfactorias de calidad del trabajo, informalidad, pluriempleo y precariedades laborales\u00bb, agrega la nota del PRSC.<\/span><\/p>\n<\/p>\n<p><span class=\"text1noticias\">En ese sentido, dijo que deben comprender que el salario en la econom\u00eda predominante de mercado que vive el mundo contempor\u00e1nea \u00abes una resultante susceptible de negociaci\u00f3n entre los puestos de trabajo existentes y las personas demandantes para ocuparlos por lo que las iniciativas de mejoramiento salarial no deben disminuir el inter\u00e9s por crear puestos de trabajo v\u00eda la activaci\u00f3n de la econom\u00eda\u00bb.<\/span><\/p>\n<\/p>\n<p><span class=\"text1noticias\">\u00abTambien hay que evitar que los aumentos salariales traduzcan incrementos neutralizadores en los costos de producci\u00f3n generadores de inflaci\u00f3n que podr\u00eda anular los efectos positivos del aumento salarial\u00bb, apuntoo el equipo t\u00e9cnico del PRSC.<\/span><\/p>\n<\/p>\n<p><span class=\"text1noticias\">Asimismo, sugiere evitar que los aumentos de gastos, y su financiamiento, que generen los incrementes salariales afecten la producci\u00f3n, productividad, competitividad y rentabilidad razonable para el sector privado, e incremente los d\u00e9ficits en el sector publico.<\/span><\/p>\n<\/p>\n<p><span class=\"text1noticias\">Y evitar ?se\u00f1alan- que los incrementos salariales desestimulen la productividad laboral y econ\u00f3mica como suceder\u00eda si estos se efect\u00faan sin tomar en cuenta la evaluaci\u00f3n del desempe\u00f1o de cada empleado o trabajador.<\/span><\/p>\n<\/p>\n<p><span class=\"text1noticias\">Tambi\u00e9n sugiere evaluar como alternativa la mejor\u00eda y econom\u00eda en la prestaci\u00f3n de servicios p\u00fablicos por parte del Estado. <\/span><\/p>\n<\/p>\n<p><span class=\"text1noticias\">Igualmente, entiende que toda modificaci\u00f3n salarial m\u00e1s all\u00e1 del ajuste por inflaci\u00f3n debe ir acompa\u00f1ada de una evaluaci\u00f3n del desempe\u00f1o de trabajadores.<\/span><\/p>\n<\/p>\n<p><span class=\"text1noticias\">En ese sentido, resalt\u00f3 que una modificaci\u00f3n generalizada igualitariamente, \u00abpremia el mal desempe\u00f1o y desestimula el bueno, lo cual incide en la productividad laboral\u00bb.(HG)<\/span>. <\/p>\n<h6> 2014-09-02 21:19:13 <\/h6>\n<p><!--\n<link rel=\"stylesheet\" href=\"css\/bootstrap.min.css\">\n\n\n<ul class=\"pagination\">\n\t    \n\t\n\n<li >\n\t<a href='?page_no=14670'>Previous<\/a>\n\t<\/li>\n\n\n       \n    \n\n<li><a href='?page_no=1'>1<\/a><\/li>\n\n\n\n<li><a href='?page_no=2'>2<\/a><\/li>\n\n\n\n<li><a>...<\/a><\/li>\n\n\n\n<li><a href='?page_no=14669'>14669<\/a><\/li>\n\n\n\n<li><a href='?page_no=14670'>14670<\/a><\/li>\n\n\n\n<li class='active'><a>14671<\/a><\/li>\n\n\n\n<li><a href='?page_no=14672'>14672<\/a><\/li>\n\n\n\n<li><a href='?page_no=14673'>14673<\/a><\/li>\n\n\n\n<li><a>...<\/a><\/li>\n\n\n\n<li><a href='?page_no=36999'>36999<\/a><\/li>\n\n\n\n<li><a href='?page_no=37000'>37000<\/a><\/li>\n\n    \n\t\n\n<li >\n\t<a href='?page_no=14672'>Next<\/a>\n\t<\/li>\n\n\n    \n\n<li><a href='?page_no=37000'>Last &rsaquo;&rsaquo;<\/a><\/li>\n\n<\/ul>\n\n\n--><br \/>\n<\/body><\/p>\n","protected":false},"excerpt":{"rendered":"<p>Santo Domingo, RD, 2 de Septiembre.-El Partido Reformista Social Cristiano sostuvo que el aumento de la canasta familiar y la ineficiencia del Estado en la prestaci\u00f3n de servicios \u00abhacen imperativo\u00bb un aumento general de los sueldos tanto en el sector p\u00fablico como privado, pero entiende que para ello deben implementarse medidas que eviten \u00abefectos secundarios [&hellip;]<\/p>\n","protected":false},"author":3,"featured_media":0,"comment_status":"open","ping_status":"open","sticky":false,"template":"","format":"standard","meta":{"footnotes":""},"categories":[22],"tags":[],"class_list":["post-162246","post","type-post","status-publish","format-standard","hentry","category-politica"],"_links":{"self":[{"href":"https:\/\/diariodominicano.com\/index.php?rest_route=\/wp\/v2\/posts\/162246","targetHints":{"allow":["GET"]}}],"collection":[{"href":"https:\/\/diariodominicano.com\/index.php?rest_route=\/wp\/v2\/posts"}],"about":[{"href":"https:\/\/diariodominicano.com\/index.php?rest_route=\/wp\/v2\/types\/post"}],"author":[{"embeddable":true,"href":"https:\/\/diariodominicano.com\/index.php?rest_route=\/wp\/v2\/users\/3"}],"replies":[{"embeddable":true,"href":"https:\/\/diariodominicano.com\/index.php?rest_route=%2Fwp%2Fv2%2Fcomments&post=162246"}],"version-history":[{"count":0,"href":"https:\/\/diariodominicano.com\/index.php?rest_route=\/wp\/v2\/posts\/162246\/revisions"}],"wp:attachment":[{"href":"https:\/\/diariodominicano.com\/index.php?rest_route=%2Fwp%2Fv2%2Fmedia&parent=162246"}],"wp:term":[{"taxonomy":"category","embeddable":true,"href":"https:\/\/diariodominicano.com\/index.php?rest_route=%2Fwp%2Fv2%2Fcategories&post=162246"},{"taxonomy":"post_tag","embeddable":true,"href":"https:\/\/diariodominicano.com\/index.php?rest_route=%2Fwp%2Fv2%2Ftags&post=162246"}],"curies":[{"name":"wp","href":"https:\/\/api.w.org\/{rel}","templated":true}]}}