{"id":162245,"date":"2014-09-03T14:16:31","date_gmt":"2014-09-03T14:16:31","guid":{"rendered":"http:\/\/diariodominicano.ddns.net\/?p=162245"},"modified":"2014-09-03T14:16:31","modified_gmt":"2014-09-03T14:16:31","slug":"vicepresidenta-margarita-cedeno-de-fernandez-pide-igualdad-salarial-para-hombres-y-mujeres","status":"publish","type":"post","link":"https:\/\/diariodominicano.com\/?p=162245","title":{"rendered":"Vicepresidenta Margarita Cede\u00f1o de Fern\u00e1ndez pide igualdad salarial para hombres y mujeres"},"content":{"rendered":"<p><body><\/p>\n<p><img decoding=\"async\" src=\"img3\/cede 3.jpg\" \/>  <\/p>\n<p>Santo Domingo RD 3 septiembre.- Margarita Cede\u00f1o de Fern\u00e1ndez, vicepresidenta de la Rep\u00fablica y miembro del Comit\u00e9 Pol\u00edtico del Partido de la Liberaci\u00f3n Dominicana, advirti\u00f3 que la discusi\u00f3n del tema salarial y sobre  una reforma laboral, debe pasar por la discusi\u00f3n de las condiciones de igualdad.<\/p>\n<\/p>\n<p>En un despacho de la Secretar\u00eda de Comunicaciones del PLD Cede\u00f1o de Fern\u00e1ndez  record\u00f3 que la brecha salarial entre Hombre y Mujer es de un 27%, lo que equivale a decir, que si un hombre y una mujer ocupan un mismo puesto laboral, con las mismas condiciones y capacidades, el hombre gana 27% m\u00e1s que la mujer.<\/p>\n<\/p>\n<p>Ante esta realidad es que considera  que cualquier discusi\u00f3n sobre  una reforma laboral, debe pasar por la discusi\u00f3n de las condiciones de igualdad salarial de la mujer.<\/p>\n<\/p>\n<p>\u00abTenemos una oportunidad de oro para poner fin a la injusticia social y acabar con la desigualdad de g\u00e9nero e impactar en la calidad de vida de las familias dominicanas,  expres\u00f3 la vicemandataria<\/p>\n<\/p>\n<p>Respondiendo una inquietud de los periodistas que le abordaron sobre el tema respondi\u00f3 que se est\u00e1 en un momento estelar para abordar la problem\u00e1tica  \u00abEl momento de alcanzar la igualdad, la justicia social y el desarrollo inclusivo y sostenible entre hombre y mujer, es Ahora\u00bb, dijo<\/p>\n<\/p>\n<p>\u00abComo mujer es nuestro deseo de participar, en condiciones de igualdad, en la construcci\u00f3n de la sociedad y en el desarrollo de nuestras comunidades\u00bb, as\u00ed se refiri\u00f3 la vicemandataria al expresar el sentir de las mujeres de nuestro pa\u00eds, que con su talento, responsabilidad y enorme capacidad de trabajo, aportan cada d\u00eda, al desarrollo del pa\u00eds.<\/p>\n<\/p>\n<p>La tambi\u00e9n miembro del Comit\u00e9 Pol\u00edtico del PLD,  doctora Margarita Cede\u00f1o de Fern\u00e1ndez, dijo que lleg\u00f3 la  hora de que en Rep\u00fablica Dominicana y en el resto de los pa\u00edses,  no se siga perpetuando la desigualdad de g\u00e9nero, pues \u00a8mientras sigan existiendo brechas entre el Hombre y la Mujer no tendremos un verdadero Estado Social y Democr\u00e1tico de Derecho\u00a8, apunt\u00f3.<\/p>\n<h6> 2014-09-03 14:16:31 <\/h6>\n<p><!--\n<link rel=\"stylesheet\" href=\"css\/bootstrap.min.css\">\n\n\n<ul class=\"pagination\">\n\t    \n\t\n\n<li >\n\t<a href='?page_no=14669'>Previous<\/a>\n\t<\/li>\n\n\n       \n    \n\n<li><a href='?page_no=1'>1<\/a><\/li>\n\n\n\n<li><a href='?page_no=2'>2<\/a><\/li>\n\n\n\n<li><a>...<\/a><\/li>\n\n\n\n<li><a href='?page_no=14668'>14668<\/a><\/li>\n\n\n\n<li><a href='?page_no=14669'>14669<\/a><\/li>\n\n\n\n<li class='active'><a>14670<\/a><\/li>\n\n\n\n<li><a href='?page_no=14671'>14671<\/a><\/li>\n\n\n\n<li><a href='?page_no=14672'>14672<\/a><\/li>\n\n\n\n<li><a>...<\/a><\/li>\n\n\n\n<li><a href='?page_no=36999'>36999<\/a><\/li>\n\n\n\n<li><a href='?page_no=37000'>37000<\/a><\/li>\n\n    \n\t\n\n<li >\n\t<a href='?page_no=14671'>Next<\/a>\n\t<\/li>\n\n\n    \n\n<li><a href='?page_no=37000'>Last &rsaquo;&rsaquo;<\/a><\/li>\n\n<\/ul>\n\n\n--><br \/>\n<\/body><\/p>\n","protected":false},"excerpt":{"rendered":"<p>Santo Domingo RD 3 septiembre.- Margarita Cede\u00f1o de Fern\u00e1ndez, vicepresidenta de la Rep\u00fablica y miembro del Comit\u00e9 Pol\u00edtico del Partido de la Liberaci\u00f3n Dominicana, advirti\u00f3 que la discusi\u00f3n del tema salarial y sobre una reforma laboral, debe pasar por la discusi\u00f3n de las condiciones de igualdad. En un despacho de la Secretar\u00eda de Comunicaciones del [&hellip;]<\/p>\n","protected":false},"author":3,"featured_media":0,"comment_status":"open","ping_status":"open","sticky":false,"template":"","format":"standard","meta":{"footnotes":""},"categories":[22],"tags":[],"class_list":["post-162245","post","type-post","status-publish","format-standard","hentry","category-politica"],"_links":{"self":[{"href":"https:\/\/diariodominicano.com\/index.php?rest_route=\/wp\/v2\/posts\/162245","targetHints":{"allow":["GET"]}}],"collection":[{"href":"https:\/\/diariodominicano.com\/index.php?rest_route=\/wp\/v2\/posts"}],"about":[{"href":"https:\/\/diariodominicano.com\/index.php?rest_route=\/wp\/v2\/types\/post"}],"author":[{"embeddable":true,"href":"https:\/\/diariodominicano.com\/index.php?rest_route=\/wp\/v2\/users\/3"}],"replies":[{"embeddable":true,"href":"https:\/\/diariodominicano.com\/index.php?rest_route=%2Fwp%2Fv2%2Fcomments&post=162245"}],"version-history":[{"count":0,"href":"https:\/\/diariodominicano.com\/index.php?rest_route=\/wp\/v2\/posts\/162245\/revisions"}],"wp:attachment":[{"href":"https:\/\/diariodominicano.com\/index.php?rest_route=%2Fwp%2Fv2%2Fmedia&parent=162245"}],"wp:term":[{"taxonomy":"category","embeddable":true,"href":"https:\/\/diariodominicano.com\/index.php?rest_route=%2Fwp%2Fv2%2Fcategories&post=162245"},{"taxonomy":"post_tag","embeddable":true,"href":"https:\/\/diariodominicano.com\/index.php?rest_route=%2Fwp%2Fv2%2Ftags&post=162245"}],"curies":[{"name":"wp","href":"https:\/\/api.w.org\/{rel}","templated":true}]}}