{"id":162243,"date":"2014-09-03T14:35:43","date_gmt":"2014-09-03T14:35:43","guid":{"rendered":"http:\/\/diariodominicano.ddns.net\/?p=162243"},"modified":"2014-09-03T14:35:43","modified_gmt":"2014-09-03T14:35:43","slug":"comite-politico-del-pld-adelanto-respaldo-a-la-decision-que-adoptara-el-presidente-danilo-medina","status":"publish","type":"post","link":"https:\/\/diariodominicano.com\/?p=162243","title":{"rendered":"Comit\u00e9 Pol\u00edtico del PLD adelant\u00f3 respaldo a la decisi\u00f3n que adoptara el presidente Danilo Medina"},"content":{"rendered":"<p><body><\/p>\n<p><img decoding=\"async\" src=\"img3\/casa 3.jpg\" \/><br \/><img decoding=\"async\" src=\"img3\/rey 3.jpg\" \/>  <\/p>\n<p>Santo Domingo RD 3 septiembre.- El Partido de la Liberaci\u00f3n Dominicana (PLD),  refrenda la decisi\u00f3n del Presidente de la Rep\u00fablica Dominicana,  Danilo Medina, quien este martes objet\u00f3 el proyecto de Ley que convierte la Loma Miranda en un parque nacional por entender que viola varios art\u00edculos de la Constituci\u00f3n, y que conllevar\u00eda el desconocimiento de compromisos internacionales asumidos por el Estado dominicano en materia de protecci\u00f3n de inversiones.<\/p>\n<\/p>\n<p>Mediante su Comit\u00e9 Pol\u00edtico la organizaci\u00f3n partidaria hab\u00eda adelantado su irrestricto respaldo a la posici\u00f3n que adoptara el mandatario con relaci\u00f3n al debatido tema  <\/p>\n<\/p>\n<p>\u00abEl PLD respaldar\u00e1 la decisi\u00f3n que adopte el Presidente de la Rep\u00fablica sobre el tema de Loma Miranda como Parque Nacional\u00bb, dijo escuetamente Reinaldo Pared P\u00e9rez al ser preguntado sobre el asunto el pasado lunes al finalizar la reuni\u00f3n ordinaria del organismo de direcci\u00f3n pol\u00edtica del partido morado.<\/p>\n<\/p>\n<p>En una carta a la presidenta del Senado, Cristina Lizardo, publicada en los medios impresos de este d\u00eda  el Presidente Danilo Medina  cita las razones  que lo llevaron a no promulgar y en cambio observar la referida ley.<\/p>\n<\/p>\n<p>Un despacho period\u00edstico de la Secretar\u00eda de Comunicaciones del PLD, que recuerda la postura de respaldo de la organizaci\u00f3n,  cita al   jefe del Estado en la  observaci\u00f3n realizada en la que  da garant\u00edas al pueblo y a los sectores defensores de los recursos naturales, de que bajo su presidencia no se autorizar\u00e1  ninguna explotaci\u00f3n minera en Loma Miranda, ni en ning\u00fan otro lugar del territorio nacional, \u00absin que se cumpla de  manera estricta con los requerimientos de un aprovechamiento medioambiental sostenible, y que la empresa beneficiaria de la concesi\u00f3n, se gane leg\u00edtimamente,  con sus acciones, la licencia social que amerita una explotaci\u00f3n de esta naturaleza\u00bb.<\/p>\n<\/p>\n<p>El liderazgo del PLD de manera individual tambi\u00e9n se ha pronunciado respaldando la decisi\u00f3n como es el caso de la    vicepresidenta Margarita Cede\u00f1o de Fern\u00e1ndez, quien  en su cuenta en la red social   Twitter  manifiesta que se siente orgullosa del trabajo que realiza el presidente Medina.<\/p>\n<\/p>\n<p>Precisa que \u00abprotege los intereses de la patria y piensa en las pr\u00f3ximas generaciones\u00bb, igualmente dice  que el presidente  Danilo Medina garantiza el balance correcto entre la protecci\u00f3n de los recursos naturales y el desarrollo sostenible del pa\u00eds.<\/p>\n<\/p>\n<p>Este d\u00eda Vanguardia del Pueblo en su formato digital editorializ\u00f3 destacando el  estricto apego  al ordenamiento constitucional y al riguroso protocolo y las normativas medioambientales establecidos del jefe del estado al observar el proyecto.<\/p>\n<\/p>\n<p>El \u00f3rgano escrito alberga  la esperanza de que \u00abla misma prudencia y respeto que ha exhibido el gobierno ante las conocidas presiones que antecedieron a su legal, leg\u00edtima y bien sustentada decisi\u00f3n, sea debidamente reciprocada\u00bb<\/p>\n<\/p>\n<p>En la parte final del comentario colocado en la pagina principal del portal www.vanguardiadelpueblo.do  hace un llamado a la prudencia a los sectores promotores de la conversi\u00f3n de Loma Miranda en \u00e1rea protegida: \u00abDejemos de lado, pues, cualquier actitud desproporcionada o levantisca ante la decisi\u00f3n tomada por el Ejecutivo, mostrando nuestras dotes de pueblo y sociedad en franco proceso de madurez y en permanente empe\u00f1o por su desarrollo integral sostenible.<\/p>\n<h6> 2014-09-03 14:35:43 <\/h6>\n<p><!--\n<link rel=\"stylesheet\" href=\"css\/bootstrap.min.css\">\n\n\n<ul class=\"pagination\">\n\t    \n\t\n\n<li >\n\t<a href='?page_no=14668'>Previous<\/a>\n\t<\/li>\n\n\n       \n    \n\n<li><a href='?page_no=1'>1<\/a><\/li>\n\n\n\n<li><a href='?page_no=2'>2<\/a><\/li>\n\n\n\n<li><a>...<\/a><\/li>\n\n\n\n<li><a href='?page_no=14667'>14667<\/a><\/li>\n\n\n\n<li><a href='?page_no=14668'>14668<\/a><\/li>\n\n\n\n<li class='active'><a>14669<\/a><\/li>\n\n\n\n<li><a href='?page_no=14670'>14670<\/a><\/li>\n\n\n\n<li><a href='?page_no=14671'>14671<\/a><\/li>\n\n\n\n<li><a>...<\/a><\/li>\n\n\n\n<li><a href='?page_no=36999'>36999<\/a><\/li>\n\n\n\n<li><a href='?page_no=37000'>37000<\/a><\/li>\n\n    \n\t\n\n<li >\n\t<a href='?page_no=14670'>Next<\/a>\n\t<\/li>\n\n\n    \n\n<li><a href='?page_no=37000'>Last &rsaquo;&rsaquo;<\/a><\/li>\n\n<\/ul>\n\n\n--><br \/>\n<\/body><\/p>\n","protected":false},"excerpt":{"rendered":"<p>Santo Domingo RD 3 septiembre.- El Partido de la Liberaci\u00f3n Dominicana (PLD), refrenda la decisi\u00f3n del Presidente de la Rep\u00fablica Dominicana, Danilo Medina, quien este martes objet\u00f3 el proyecto de Ley que convierte la Loma Miranda en un parque nacional por entender que viola varios art\u00edculos de la Constituci\u00f3n, y que conllevar\u00eda el desconocimiento de [&hellip;]<\/p>\n","protected":false},"author":3,"featured_media":0,"comment_status":"open","ping_status":"open","sticky":false,"template":"","format":"standard","meta":{"footnotes":""},"categories":[22],"tags":[],"class_list":["post-162243","post","type-post","status-publish","format-standard","hentry","category-politica"],"_links":{"self":[{"href":"https:\/\/diariodominicano.com\/index.php?rest_route=\/wp\/v2\/posts\/162243","targetHints":{"allow":["GET"]}}],"collection":[{"href":"https:\/\/diariodominicano.com\/index.php?rest_route=\/wp\/v2\/posts"}],"about":[{"href":"https:\/\/diariodominicano.com\/index.php?rest_route=\/wp\/v2\/types\/post"}],"author":[{"embeddable":true,"href":"https:\/\/diariodominicano.com\/index.php?rest_route=\/wp\/v2\/users\/3"}],"replies":[{"embeddable":true,"href":"https:\/\/diariodominicano.com\/index.php?rest_route=%2Fwp%2Fv2%2Fcomments&post=162243"}],"version-history":[{"count":0,"href":"https:\/\/diariodominicano.com\/index.php?rest_route=\/wp\/v2\/posts\/162243\/revisions"}],"wp:attachment":[{"href":"https:\/\/diariodominicano.com\/index.php?rest_route=%2Fwp%2Fv2%2Fmedia&parent=162243"}],"wp:term":[{"taxonomy":"category","embeddable":true,"href":"https:\/\/diariodominicano.com\/index.php?rest_route=%2Fwp%2Fv2%2Fcategories&post=162243"},{"taxonomy":"post_tag","embeddable":true,"href":"https:\/\/diariodominicano.com\/index.php?rest_route=%2Fwp%2Fv2%2Ftags&post=162243"}],"curies":[{"name":"wp","href":"https:\/\/api.w.org\/{rel}","templated":true}]}}