{"id":162242,"date":"2014-09-03T18:25:28","date_gmt":"2014-09-03T18:25:28","guid":{"rendered":"http:\/\/diariodominicano.ddns.net\/?p=162242"},"modified":"2014-09-03T18:25:28","modified_gmt":"2014-09-03T18:25:28","slug":"ministro-administrativo-de-la-presidencia-jose-ramon-peralta","status":"publish","type":"post","link":"https:\/\/diariodominicano.com\/?p=162242","title":{"rendered":"Ministro Administrativo de la Presidencia, Jos\u00e9 Ram\u00f3n Peralta,"},"content":{"rendered":"<p><body><\/p>\n<p><img decoding=\"async\" src=\"img3\/peralta 3.jpg\" \/>  <\/p>\n<p>Santo Domingo RD 3 septiembre.- El ministro Administrativo de la Presidencia, Jos\u00e9 Ram\u00f3n Peralta, asegur\u00f3 ayer que no le interesa ser senador por La Vega y que est\u00e1 concentrado en hacer su trabajo al frente de la cartera que dirige.\u00bbYo no voy a aspirar ni por La Vega ni por ning\u00fan lado. Aunque soy vegano de nacimiento y aunque tengo familia all\u00e1 y una casa en Constanza, yo creo que un legislador debe vivir en su comunidad y yo no pienso vivir all\u00e1, as\u00ed que no me interesa\u00bb, dijo. <\/p>\n<\/p>\n<p>Entiende que los rumores que dan cuenta de que \u00e9l se lanzar\u00eda por la candidatura senatorial por La Vega obedecen a que el Gobierno est\u00e1 ejecutando algunos proyectos en esa provincia, los cuales ?afirm\u00f3- nada tienen que ver con el \u00e1mbito pol\u00edtico. <\/p>\n<\/p>\n<p>Peralta expres\u00f3 que como nativo de La Vega est\u00e1 comprometido \u00aba hacer lo que pueda\u00bb desde el Gobierno por esa provincia, pero subray\u00f3 que para hacer ese trabajo no lo mueve ning\u00fan inter\u00e9s pol\u00edtico, sino el \u00fanico inter\u00e9s de ayudar a la comunidad. <\/p>\n<\/p>\n<p>\u00abM\u00e1s nada, no tengo ning\u00fan otro inter\u00e9s que no sea ese. No creo que haya que ponerse nervioso ni estar asumiendo posiciones, a veces irrespetuosas, ni nada de eso\u00bb, precis\u00f3 el funcionario al ser cuestionado en el acto donde el Gobierno dej\u00f3 iniciados los trabajos de la Ciudad Juan Bosch.<\/p>\n<\/p>\n<h6> 2014-09-03 18:25:28 <\/h6>\n<p><!--\n<link rel=\"stylesheet\" href=\"css\/bootstrap.min.css\">\n\n\n<ul class=\"pagination\">\n\t    \n\t\n\n<li >\n\t<a href='?page_no=14667'>Previous<\/a>\n\t<\/li>\n\n\n       \n    \n\n<li><a href='?page_no=1'>1<\/a><\/li>\n\n\n\n<li><a href='?page_no=2'>2<\/a><\/li>\n\n\n\n<li><a>...<\/a><\/li>\n\n\n\n<li><a href='?page_no=14666'>14666<\/a><\/li>\n\n\n\n<li><a href='?page_no=14667'>14667<\/a><\/li>\n\n\n\n<li class='active'><a>14668<\/a><\/li>\n\n\n\n<li><a href='?page_no=14669'>14669<\/a><\/li>\n\n\n\n<li><a href='?page_no=14670'>14670<\/a><\/li>\n\n\n\n<li><a>...<\/a><\/li>\n\n\n\n<li><a href='?page_no=36999'>36999<\/a><\/li>\n\n\n\n<li><a href='?page_no=37000'>37000<\/a><\/li>\n\n    \n\t\n\n<li >\n\t<a href='?page_no=14669'>Next<\/a>\n\t<\/li>\n\n\n    \n\n<li><a href='?page_no=37000'>Last &rsaquo;&rsaquo;<\/a><\/li>\n\n<\/ul>\n\n\n--><br \/>\n<\/body><\/p>\n","protected":false},"excerpt":{"rendered":"<p>Santo Domingo RD 3 septiembre.- El ministro Administrativo de la Presidencia, Jos\u00e9 Ram\u00f3n Peralta, asegur\u00f3 ayer que no le interesa ser senador por La Vega y que est\u00e1 concentrado en hacer su trabajo al frente de la cartera que dirige.\u00bbYo no voy a aspirar ni por La Vega ni por ning\u00fan lado. Aunque soy vegano [&hellip;]<\/p>\n","protected":false},"author":3,"featured_media":0,"comment_status":"open","ping_status":"open","sticky":false,"template":"","format":"standard","meta":{"footnotes":""},"categories":[22],"tags":[],"class_list":["post-162242","post","type-post","status-publish","format-standard","hentry","category-politica"],"_links":{"self":[{"href":"https:\/\/diariodominicano.com\/index.php?rest_route=\/wp\/v2\/posts\/162242","targetHints":{"allow":["GET"]}}],"collection":[{"href":"https:\/\/diariodominicano.com\/index.php?rest_route=\/wp\/v2\/posts"}],"about":[{"href":"https:\/\/diariodominicano.com\/index.php?rest_route=\/wp\/v2\/types\/post"}],"author":[{"embeddable":true,"href":"https:\/\/diariodominicano.com\/index.php?rest_route=\/wp\/v2\/users\/3"}],"replies":[{"embeddable":true,"href":"https:\/\/diariodominicano.com\/index.php?rest_route=%2Fwp%2Fv2%2Fcomments&post=162242"}],"version-history":[{"count":0,"href":"https:\/\/diariodominicano.com\/index.php?rest_route=\/wp\/v2\/posts\/162242\/revisions"}],"wp:attachment":[{"href":"https:\/\/diariodominicano.com\/index.php?rest_route=%2Fwp%2Fv2%2Fmedia&parent=162242"}],"wp:term":[{"taxonomy":"category","embeddable":true,"href":"https:\/\/diariodominicano.com\/index.php?rest_route=%2Fwp%2Fv2%2Fcategories&post=162242"},{"taxonomy":"post_tag","embeddable":true,"href":"https:\/\/diariodominicano.com\/index.php?rest_route=%2Fwp%2Fv2%2Ftags&post=162242"}],"curies":[{"name":"wp","href":"https:\/\/api.w.org\/{rel}","templated":true}]}}